{"id":1312,"date":"2020-04-03T10:42:39","date_gmt":"2020-04-03T08:42:39","guid":{"rendered":"http:\/\/gesamtschule-walsum.de\/?p=1312"},"modified":"2020-04-03T11:05:53","modified_gmt":"2020-04-03T09:05:53","slug":"ferienbeginn-in-corona-zeiten","status":"publish","type":"post","link":"https:\/\/gesamtschule-walsum.de\/?p=1312","title":{"rendered":"Ferienbeginn in Corona-Zeiten"},"content":{"rendered":"<p>Sehr geehrte Damen und Herren, liebe Sch\u00fclerinnen und Sch\u00fcler,<\/p>\n<p>eigentlich w\u00e4re heute der letzte Schultag vor den Osterferien und sicherlich w\u00e4ren ganz viele in Vorfreude auf eine anstehende Reise in der freien Zeit. Doch im Moment ist alles ganz anders und niemand wei\u00df, wie es weitergeht und was in der n\u00e4chsten Zeit noch alles passiert.<\/p>\n<p>Auch wir als Schule k\u00f6nnen noch nicht absehen, was aus dem geplanten Schulstart zum 20. April werden soll. Im Moment ist geplant, dass dann der Schulbetrieb wiederaufgenommen wird (in welcher Form auch immer). Sollte das so sein, dann finden auch die zentralen Pr\u00fcfungen (ZP 10, Abitur) nach dem ge\u00e4nderten Zeitplan ab dem 12. Mai statt. Wir sind dabei, unseren Terminplan f\u00fcr den Rest des Schuljahres den ge\u00e4nderten Bedingungen anzupassen und werden diesen auf der Homepage ver\u00f6ffentlichen, sobald er belastbar ist.<\/p>\n<p>Das Ministerium hat bekannt gegeben, dass weitere Entscheidungen zum Wiederbeginn des Unterrichts erst in der Woche nach Ostern getroffen werden, so dass wir auch dann erst genauer sagen k\u00f6nnen, wie es weitergehen wird. Auch hier\u00fcber werden wir Sie und Euch nat\u00fcrlich informieren.<\/p>\n<p>Zum Schluss m\u00f6chte ich mich bei Allen ganz herzlich f\u00fcr den verantwortungsvollen Umgang miteinander bedanken und hoffe, Sie und Euch bald gesund und munter wiedersehen zu k\u00f6nnen.<\/p>\n<p>Und nun (trotzdem), sch\u00f6ne Ferien und frohe Ostern\u2026<\/p>\n<p>Herzlichst<\/p>\n<p>Ihr und Euer<\/p>\n<p>Henning Korsten<\/p>\n<p>Schulleiter<\/p>\n<p>&nbsp;<\/p>\n<p>Diesen Text gibt es <a href=\"http:\/\/gesamtschule-walsum.de\/wp-content\/uploads\/2020\/04\/Ferienbeginn-in-Corona-Zeiten.pdf\" target=\"_blank\" rel=\"noopener noreferrer\">auch als Download<\/a>.<\/p>\n","protected":false},"excerpt":{"rendered":"<p>Sehr geehrte Damen und Herren, liebe Sch\u00fclerinnen und Sch\u00fcler, eigentlich w\u00e4re heute der letzte Schultag vor den Osterferien und sicherlich w\u00e4ren ganz viele in Vorfreude auf eine anstehende Reise in <a class=\"more-link\" href=\"https:\/\/gesamtschule-walsum.de\/?p=1312\">&#8230; weiterlesen<\/a><\/p>\n","protected":false},"author":1,"featured_media":0,"comment_status":"closed","ping_status":"closed","sticky":false,"template":"","format":"standard","meta":{"footnotes":""},"categories":[1],"tags":[],"class_list":["post-1312","post","type-post","status-publish","format-standard","hentry","category-allgemein"],"_links":{"self":[{"href":"https:\/\/gesamtschule-walsum.de\/index.php?rest_route=\/wp\/v2\/posts\/1312","targetHints":{"allow":["GET"]}}],"collection":[{"href":"https:\/\/gesamtschule-walsum.de\/index.php?rest_route=\/wp\/v2\/posts"}],"about":[{"href":"https:\/\/gesamtschule-walsum.de\/index.php?rest_route=\/wp\/v2\/types\/post"}],"author":[{"embeddable":true,"href":"https:\/\/gesamtschule-walsum.de\/index.php?rest_route=\/wp\/v2\/users\/1"}],"replies":[{"embeddable":true,"href":"https:\/\/gesamtschule-walsum.de\/index.php?rest_route=%2Fwp%2Fv2%2Fcomments&post=1312"}],"version-history":[{"count":3,"href":"https:\/\/gesamtschule-walsum.de\/index.php?rest_route=\/wp\/v2\/posts\/1312\/revisions"}],"predecessor-version":[{"id":1316,"href":"https:\/\/gesamtschule-walsum.de\/index.php?rest_route=\/wp\/v2\/posts\/1312\/revisions\/1316"}],"wp:attachment":[{"href":"https:\/\/gesamtschule-walsum.de\/index.php?rest_route=%2Fwp%2Fv2%2Fmedia&parent=1312"}],"wp:term":[{"taxonomy":"category","embeddable":true,"href":"https:\/\/gesamtschule-walsum.de\/index.php?rest_route=%2Fwp%2Fv2%2Fcategories&post=1312"},{"taxonomy":"post_tag","embeddable":true,"href":"https:\/\/gesamtschule-walsum.de\/index.php?rest_route=%2Fwp%2Fv2%2Ftags&post=1312"}],"curies":[{"name":"wp","href":"https:\/\/api.w.org\/{rel}","templated":true}]}}