{"id":1317,"date":"2020-04-16T19:50:27","date_gmt":"2020-04-16T17:50:27","guid":{"rendered":"http:\/\/gesamtschule-walsum.de\/?p=1317"},"modified":"2020-04-17T11:10:05","modified_gmt":"2020-04-17T09:10:05","slug":"ende-der-osterferien","status":"publish","type":"post","link":"https:\/\/gesamtschule-walsum.de\/?p=1317","title":{"rendered":"Wiederaufnahme des Schulbetriebs"},"content":{"rendered":"<p>Liebe Schulgemeinde,<\/p>\n<p>nach Beschluss des Ministeriums soll der Schulbetrieb langsam wieder anlaufen. In diesem Sinne sollen ab Donnerstag, 23. April 2020 zun\u00e4chst die Abschlussjahrg\u00e4nge (Klassen 10 und Q2) wieder ein Unterrichtsangebot als Pr\u00fcfungsvorbereitung erhalten. In diesem Zusammenhang ist die Schulleitung im Moment dabei, Raum- und Personalpl\u00e4ne zu erstellen, da diese Vorbereitungskurse nicht in der urspr\u00fcnglichen Besetzung abgehalten werden k\u00f6nnen. Kurse m\u00fcssen geteilt werden, damit die Hygiene- und Abstandsregeln eingehalten werden k\u00f6nnen. Dies f\u00fchrt auch dazu, dass verschiedene Fachlehrerwechsel unvermeidbar sind.<\/p>\n<p>Die Unterrichtsangebote sollen gezielt auf die anstehenden Pr\u00fcfungen vorbereiten und sind laut Ministerium auch nicht verpflichtend, sondern bewusst als Angebot gedacht. Dies bedeutet auch, dass im Jahrgang 10 die Kernf\u00e4cher (Deutsch, Mathematik, Englisch) unterrichtet werden und die Q2 Angebote in den vier verschiedenen Pr\u00fcfungsf\u00e4cher erhalten. Sollte eine Sch\u00fclerin oder ein Sch\u00fcler dieses Angebot nicht wahrnehmen wollen, so muss die Schule dar\u00fcber informiert werden.<\/p>\n<p>Die Abiturpr\u00fcfungen sollen nach dem neuen Zeitplan ab dem 12. Mai 2020 als zentrale Klausuren durchgef\u00fchrt werden, also nach dem normalen Verfahren der letzten Jahre ablaufen.<\/p>\n<p>Die zentralen Pr\u00fcfungen am Ende der Jahrgangsstufe 10 (ZP 10) werden dezentralisiert, was bedeutet, dass nicht landesweit die gleichen Arbeiten geschrieben werden, sondern die Kolleginnen und Kollegen eigene Arbeiten entwickeln und stellen. Dies f\u00fchrt auch dazu, dass die zentralen Termine nicht mehr gelten, sondern die Schulen selbst einen Pr\u00fcfungsplan aufstellen. Sobald dieser vorliegt, werden Sie informiert.<\/p>\n<p>Ab dem 04. Mai 2020 sollen sukzessive auch weitere Jahrg\u00e4nge wieder in die Schule kommen um ebenfalls Unterrichtsangebote zu erhalten. Welche Jahrg\u00e4nge dies sein sollen, und in welchem Umfang dann wieder Unterricht stattfinden kann, steht im Augenblick noch nicht fest und h\u00e4ngt von der weiteren Pandemieentwicklung ab. Fest scheint im Moment aber zu stehen, dass Unterricht in der Form, wie er vor Corona war, bis zu den Sommerferien nicht mehr stattfinden wird.<\/p>\n<p>Alle Jahrg\u00e4nge, die nach wie vor nicht in die Schule kommen d\u00fcrfen, werden weiterhin \u00fcber die Lehrerinnen und Lehrer mit Lernmaterialien versorgt.<\/p>\n<p>Ich m\u00f6chte abschlie\u00dfend betonen, dass diese Informationen den aktuellen Stand widerspiegeln und sich jederzeit die Bedingungen \u00e4ndern k\u00f6nnen, so dass es zu weiteren \u00c4nderungen kommen kann. Sollte dies so sein, dann erfahren Sie das hier an dieser Stelle.<\/p>\n<p>&nbsp;<\/p>\n<p>Hinweis Elternsprechtag:<\/p>\n<p>Der f\u00fcr den 27. April 2020 vorgesehene Elternsprechtag muss entfallen. Wir planen gerade, wie Sie als Eltern dennoch umfassend beraten und \u00fcber den Leistungs- und Entwicklungsstand Ihrer Kinder informiert werden k\u00f6nnen.<\/p>\n<p>Ich hoffe, dass Sie alle gesund bleiben und hoffe auf ein baldiges Wiedersehen!<\/p>\n<p>&nbsp;<\/p>\n<p>Ihr<\/p>\n<p>Henning Korsten<\/p>\n","protected":false},"excerpt":{"rendered":"<p>Liebe Schulgemeinde, nach Beschluss des Ministeriums soll der Schulbetrieb langsam wieder anlaufen. In diesem Sinne sollen ab Donnerstag, 23. April 2020 zun\u00e4chst die Abschlussjahrg\u00e4nge (Klassen 10 und Q2) wieder ein <a class=\"more-link\" href=\"https:\/\/gesamtschule-walsum.de\/?p=1317\">&#8230; weiterlesen<\/a><\/p>\n","protected":false},"author":1,"featured_media":0,"comment_status":"closed","ping_status":"closed","sticky":false,"template":"","format":"standard","meta":{"footnotes":""},"categories":[1],"tags":[],"class_list":["post-1317","post","type-post","status-publish","format-standard","hentry","category-allgemein"],"_links":{"self":[{"href":"https:\/\/gesamtschule-walsum.de\/index.php?rest_route=\/wp\/v2\/posts\/1317","targetHints":{"allow":["GET"]}}],"collection":[{"href":"https:\/\/gesamtschule-walsum.de\/index.php?rest_route=\/wp\/v2\/posts"}],"about":[{"href":"https:\/\/gesamtschule-walsum.de\/index.php?rest_route=\/wp\/v2\/types\/post"}],"author":[{"embeddable":true,"href":"https:\/\/gesamtschule-walsum.de\/index.php?rest_route=\/wp\/v2\/users\/1"}],"replies":[{"embeddable":true,"href":"https:\/\/gesamtschule-walsum.de\/index.php?rest_route=%2Fwp%2Fv2%2Fcomments&post=1317"}],"version-history":[{"count":5,"href":"https:\/\/gesamtschule-walsum.de\/index.php?rest_route=\/wp\/v2\/posts\/1317\/revisions"}],"predecessor-version":[{"id":1322,"href":"https:\/\/gesamtschule-walsum.de\/index.php?rest_route=\/wp\/v2\/posts\/1317\/revisions\/1322"}],"wp:attachment":[{"href":"https:\/\/gesamtschule-walsum.de\/index.php?rest_route=%2Fwp%2Fv2%2Fmedia&parent=1317"}],"wp:term":[{"taxonomy":"category","embeddable":true,"href":"https:\/\/gesamtschule-walsum.de\/index.php?rest_route=%2Fwp%2Fv2%2Fcategories&post=1317"},{"taxonomy":"post_tag","embeddable":true,"href":"https:\/\/gesamtschule-walsum.de\/index.php?rest_route=%2Fwp%2Fv2%2Ftags&post=1317"}],"curies":[{"name":"wp","href":"https:\/\/api.w.org\/{rel}","templated":true}]}}