{"id":1392,"date":"2020-05-15T09:06:46","date_gmt":"2020-05-15T07:06:46","guid":{"rendered":"http:\/\/gesamtschule-walsum.de\/?p=1392"},"modified":"2020-05-15T09:06:46","modified_gmt":"2020-05-15T07:06:46","slug":"beginn-des-unterrichts-im-rollierenden-system","status":"publish","type":"post","link":"https:\/\/gesamtschule-walsum.de\/?p=1392","title":{"rendered":"Beginn des Unterrichts im rollierenden System"},"content":{"rendered":"<p>Wir starten schon ab Montag, <strong>25.05.2020<\/strong> mit dem rollierenden System f\u00fcr alle Jahrg\u00e4nge (urspr\u00fcnglich war das erst ab Dienstag, 26.05.2020 geplant).<\/p>\n<p>Alle weiteren Informationen erhalten Sie zu Beginn der n\u00e4chsten Woche (wahrscheinlich Dienstag) \u00fcber die Klassenlehrer.<\/p>\n","protected":false},"excerpt":{"rendered":"<p>Wir starten schon ab Montag, 25.05.2020 mit dem rollierenden System f\u00fcr alle Jahrg\u00e4nge (urspr\u00fcnglich war das erst ab Dienstag, 26.05.2020 geplant). Alle weiteren Informationen erhalten Sie zu Beginn der n\u00e4chsten <a class=\"more-link\" href=\"https:\/\/gesamtschule-walsum.de\/?p=1392\">&#8230; weiterlesen<\/a><\/p>\n","protected":false},"author":1,"featured_media":0,"comment_status":"closed","ping_status":"closed","sticky":false,"template":"","format":"standard","meta":{"footnotes":""},"categories":[1],"tags":[],"class_list":["post-1392","post","type-post","status-publish","format-standard","hentry","category-allgemein"],"_links":{"self":[{"href":"https:\/\/gesamtschule-walsum.de\/index.php?rest_route=\/wp\/v2\/posts\/1392","targetHints":{"allow":["GET"]}}],"collection":[{"href":"https:\/\/gesamtschule-walsum.de\/index.php?rest_route=\/wp\/v2\/posts"}],"about":[{"href":"https:\/\/gesamtschule-walsum.de\/index.php?rest_route=\/wp\/v2\/types\/post"}],"author":[{"embeddable":true,"href":"https:\/\/gesamtschule-walsum.de\/index.php?rest_route=\/wp\/v2\/users\/1"}],"replies":[{"embeddable":true,"href":"https:\/\/gesamtschule-walsum.de\/index.php?rest_route=%2Fwp%2Fv2%2Fcomments&post=1392"}],"version-history":[{"count":1,"href":"https:\/\/gesamtschule-walsum.de\/index.php?rest_route=\/wp\/v2\/posts\/1392\/revisions"}],"predecessor-version":[{"id":1393,"href":"https:\/\/gesamtschule-walsum.de\/index.php?rest_route=\/wp\/v2\/posts\/1392\/revisions\/1393"}],"wp:attachment":[{"href":"https:\/\/gesamtschule-walsum.de\/index.php?rest_route=%2Fwp%2Fv2%2Fmedia&parent=1392"}],"wp:term":[{"taxonomy":"category","embeddable":true,"href":"https:\/\/gesamtschule-walsum.de\/index.php?rest_route=%2Fwp%2Fv2%2Fcategories&post=1392"},{"taxonomy":"post_tag","embeddable":true,"href":"https:\/\/gesamtschule-walsum.de\/index.php?rest_route=%2Fwp%2Fv2%2Ftags&post=1392"}],"curies":[{"name":"wp","href":"https:\/\/api.w.org\/{rel}","templated":true}]}}