{"id":1495,"date":"2020-08-05T14:49:31","date_gmt":"2020-08-05T12:49:31","guid":{"rendered":"http:\/\/gesamtschule-walsum.de\/?p=1495"},"modified":"2020-08-05T14:49:31","modified_gmt":"2020-08-05T12:49:31","slug":"informationen-zur-einschulung-neuer-jahrgang-5","status":"publish","type":"post","link":"https:\/\/gesamtschule-walsum.de\/?p=1495","title":{"rendered":"Informationen zur Einschulung: Neuer Jahrgang 5"},"content":{"rendered":"<p>Liebe neuen F\u00fcnftkl\u00e4sslerinnen und F\u00fcnftkl\u00e4ssler,<\/p>\n<p>es dauert nur noch eine Woche, dann ist es soweit. Ihr werdet eine neue Schule besuchen und ins 5. Schuljahr eingeschult.<br \/>\nEure Einschulung bei uns findet am Donnerstag, den 13.08.2020 um 10:00 Uhr statt.<br \/>\nBitte findet Euch zusammen mit Euren Eltern folgenderma\u00dfen bei uns ein:<\/p>\n<p>Die Kinder der Klassen 5 A-C stellen sich auf dem Schulhof Waldstra\u00dfe zu Ihren neuen Klassenlehrer*innen.<br \/>\nAlle Kinder der Klassen 5 D-G stellen sich auf dem Vorplatz der Stadthalle Walsum zu Ihren neuen Klassenlehrer*innen.<\/p>\n<p>Wie in den letzten Tagen bereits durch die Medien zu erfahren war, gilt nun an den Schulen des Landes NRW eine Maskenpflicht. Ich bitte also darum, eine entsprechende Mund-Nasen-Bedeckung zu tragen. Au\u00dferdem sollte auf dem Gel\u00e4nde zwischen den Familien m\u00f6glichst ein entsprechender Abstand gehalten werden.<\/p>\n<p>Der Einschulungstag wird nach einer Doppelstunde mit der neuen Klasse wieder enden, sodass die Kinder um ca. 11:30 Uhr aus Ihren Klassenr\u00e4umen kommen werden.<\/p>\n<p>Ich w\u00fcnsche Euch einen tollen ersten Tag bei uns!<\/p>\n<p>Benjamin Weinkauf<br \/>\nAbteilungsleiter Jg. 5\/6<\/p>\n","protected":false},"excerpt":{"rendered":"<p>Liebe neuen F\u00fcnftkl\u00e4sslerinnen und F\u00fcnftkl\u00e4ssler, es dauert nur noch eine Woche, dann ist es soweit. Ihr werdet eine neue Schule besuchen und ins 5. Schuljahr eingeschult. Eure Einschulung bei uns <a class=\"more-link\" href=\"https:\/\/gesamtschule-walsum.de\/?p=1495\">&#8230; weiterlesen<\/a><\/p>\n","protected":false},"author":1,"featured_media":0,"comment_status":"closed","ping_status":"closed","sticky":false,"template":"","format":"standard","meta":{"footnotes":""},"categories":[1],"tags":[],"class_list":["post-1495","post","type-post","status-publish","format-standard","hentry","category-allgemein"],"_links":{"self":[{"href":"https:\/\/gesamtschule-walsum.de\/index.php?rest_route=\/wp\/v2\/posts\/1495","targetHints":{"allow":["GET"]}}],"collection":[{"href":"https:\/\/gesamtschule-walsum.de\/index.php?rest_route=\/wp\/v2\/posts"}],"about":[{"href":"https:\/\/gesamtschule-walsum.de\/index.php?rest_route=\/wp\/v2\/types\/post"}],"author":[{"embeddable":true,"href":"https:\/\/gesamtschule-walsum.de\/index.php?rest_route=\/wp\/v2\/users\/1"}],"replies":[{"embeddable":true,"href":"https:\/\/gesamtschule-walsum.de\/index.php?rest_route=%2Fwp%2Fv2%2Fcomments&post=1495"}],"version-history":[{"count":1,"href":"https:\/\/gesamtschule-walsum.de\/index.php?rest_route=\/wp\/v2\/posts\/1495\/revisions"}],"predecessor-version":[{"id":1496,"href":"https:\/\/gesamtschule-walsum.de\/index.php?rest_route=\/wp\/v2\/posts\/1495\/revisions\/1496"}],"wp:attachment":[{"href":"https:\/\/gesamtschule-walsum.de\/index.php?rest_route=%2Fwp%2Fv2%2Fmedia&parent=1495"}],"wp:term":[{"taxonomy":"category","embeddable":true,"href":"https:\/\/gesamtschule-walsum.de\/index.php?rest_route=%2Fwp%2Fv2%2Fcategories&post=1495"},{"taxonomy":"post_tag","embeddable":true,"href":"https:\/\/gesamtschule-walsum.de\/index.php?rest_route=%2Fwp%2Fv2%2Ftags&post=1495"}],"curies":[{"name":"wp","href":"https:\/\/api.w.org\/{rel}","templated":true}]}}