{"id":1756,"date":"2021-04-09T13:35:25","date_gmt":"2021-04-09T11:35:25","guid":{"rendered":"http:\/\/gesamtschule-walsum.de\/?p=1756"},"modified":"2021-04-09T13:35:25","modified_gmt":"2021-04-09T11:35:25","slug":"informationen-zum-schulbetrieb-ab-montag-12-04-2021","status":"publish","type":"post","link":"https:\/\/gesamtschule-walsum.de\/?p=1756","title":{"rendered":"Informationen zum Schulbetrieb ab Montag, 12.04.2021"},"content":{"rendered":"<p style=\"margin: 0cm;\">Liebe Schulgemeinde,<\/p>\n<p style=\"margin: 0cm;\">nach der Schulmail von Donnerstag, 08.04.2021 um 19.54 Uhr gelten ab Montag f\u00fcr zun\u00e4chst eine Woche folgende Regelungen:<\/p>\n<p style=\"margin: 0cm;\">\n<p>&nbsp;<\/p>\n<p style=\"margin: 0cm;\"><strong><u>Unterricht:<\/u><\/strong><\/p>\n<p style=\"margin: 0cm;\">Nur die Jahrg\u00e4nge 10, Q1, Q2 und die Klasse 9p haben Pr\u00e4senzunterricht. Der Unterricht findet an jedem Tag und nach Stundenplan in den R\u00e4umen wie vor den Ferien statt.<\/p>\n<p style=\"margin: 0cm;\">Alle anderen Jahrg\u00e4nge haben ausschlie\u00dflich Distanzunterricht. Hierbei muss darauf hingewiesen werden, dass an unserer Schule ein neuer Server installiert wird, so dass von Mittwoch, 14.04.2021 ab 11.00 Uhr bis Donnerstag, 15.04.2021 ca. 12.00 Uhr kein Server zur Verf\u00fcgung steht, und somit in dieser Zeit kein Distanzunterricht m\u00f6glich ist, so dass alle Aufgaben vorher eingestellt, bzw. heruntergeladen werden m\u00fcssen.<\/p>\n<p style=\"margin: 0cm;\">\n<p>&nbsp;<\/p>\n<p style=\"margin: 0cm;\"><strong><u>Notbetreuung:<\/u><\/strong><\/p>\n<p style=\"margin: 0cm;\">Eine Notbetreuung findet nur f\u00fcr die Jahrg\u00e4nge 5 und 6, sowie f\u00fcr F\u00f6rdersch\u00fcler jeweils von 8.15 Uhr bis 13.35 Uhr statt. Einen entsprechenden Antrag finden Sie als Anlage:<\/p>\n<p>&nbsp;<\/p>\n<p><a href=\"http:\/\/gesamtschule-walsum.de\/wp-content\/uploads\/2021\/04\/Anlage-zur-Anmeldung-Betreuung-ab-dem-12.04.2021.pdf\" target=\"_blank\" rel=\"noopener\">Anlage zur Anmeldung Betreuung ab dem 12.04.2021.pdf<\/a><\/p>\n<p style=\"margin: 0cm;\">\n<p>&nbsp;<\/p>\n<p style=\"margin: 0cm;\"><strong><u>Testungen:<\/u><\/strong><\/p>\n<p style=\"margin: 0cm;\">Ein negatives Testergebnis ist f\u00fcr alle Sch\u00fclerinnen und Sch\u00fcler, die am Pr\u00e4senzunterricht teilnehmen, <strong>verpflichtend! <\/strong>Hierzu erhalten sie zweimal pro Woche die Gelegenheit, in der Schule einen Selbsttest durchzuf\u00fchren. Alternativ kann auch in einem Testzentrum ein Test durchgef\u00fchrt werden, hierbei muss das negative Testergebnis (nicht \u00e4lter als 48 Stunden) in der Schule vorgelegt werden. Sch\u00fclerinnen und Sch\u00fcler, die diese Testung verweigern, k\u00f6nnen nicht am Pr\u00e4senzunterricht teilnehmen und haben auch kein Anrecht auf einen individuellen Distanzunterricht.<\/p>\n<p style=\"margin: 0cm;\">Die Testungen an unserer Schule beginnen am Montag in unterschiedlichen Stunden.<\/p>\n<p style=\"margin: 0cm;\">\n<p style=\"margin: 0cm;\">\n<p>&nbsp;<\/p>\n<p style=\"margin: 0cm;\">Soweit die aktuellen Informationen. Nach jetzigem Stand, soll dieses Format zun\u00e4chst nur f\u00fcr die Woche vom 12.04.2021 bis zum 16.04.2021 gelten. Wie es danach weitergeht wissen wir noch nicht und werden es (wahrscheinlich) auch zuerst nur \u00fcber die Presse erfahren. Sobald es etwas Neues gibt, werden wir Sie informieren.<\/p>\n<p style=\"margin: 0cm;\">\n<p>&nbsp;<\/p>\n<p style=\"margin: 0cm;\">Mit freundlichen Gr\u00fc\u00dfen<\/p>\n<p style=\"margin: 0cm;\">\n<p>&nbsp;<\/p>\n<p style=\"margin: 0cm;\">Henning Korsten<\/p>\n<p style=\"margin: 0cm;\">Schulleiter<\/p>\n","protected":false},"excerpt":{"rendered":"<p>Liebe Schulgemeinde, nach der Schulmail von Donnerstag, 08.04.2021 um 19.54 Uhr gelten ab Montag f\u00fcr zun\u00e4chst eine Woche folgende Regelungen: &nbsp; Unterricht: Nur die Jahrg\u00e4nge 10, Q1, Q2 und die <a class=\"more-link\" href=\"https:\/\/gesamtschule-walsum.de\/?p=1756\">&#8230; weiterlesen<\/a><\/p>\n","protected":false},"author":1,"featured_media":0,"comment_status":"closed","ping_status":"closed","sticky":false,"template":"","format":"standard","meta":{"footnotes":""},"categories":[1],"tags":[],"class_list":["post-1756","post","type-post","status-publish","format-standard","hentry","category-allgemein"],"_links":{"self":[{"href":"https:\/\/gesamtschule-walsum.de\/index.php?rest_route=\/wp\/v2\/posts\/1756","targetHints":{"allow":["GET"]}}],"collection":[{"href":"https:\/\/gesamtschule-walsum.de\/index.php?rest_route=\/wp\/v2\/posts"}],"about":[{"href":"https:\/\/gesamtschule-walsum.de\/index.php?rest_route=\/wp\/v2\/types\/post"}],"author":[{"embeddable":true,"href":"https:\/\/gesamtschule-walsum.de\/index.php?rest_route=\/wp\/v2\/users\/1"}],"replies":[{"embeddable":true,"href":"https:\/\/gesamtschule-walsum.de\/index.php?rest_route=%2Fwp%2Fv2%2Fcomments&post=1756"}],"version-history":[{"count":8,"href":"https:\/\/gesamtschule-walsum.de\/index.php?rest_route=\/wp\/v2\/posts\/1756\/revisions"}],"predecessor-version":[{"id":1764,"href":"https:\/\/gesamtschule-walsum.de\/index.php?rest_route=\/wp\/v2\/posts\/1756\/revisions\/1764"}],"wp:attachment":[{"href":"https:\/\/gesamtschule-walsum.de\/index.php?rest_route=%2Fwp%2Fv2%2Fmedia&parent=1756"}],"wp:term":[{"taxonomy":"category","embeddable":true,"href":"https:\/\/gesamtschule-walsum.de\/index.php?rest_route=%2Fwp%2Fv2%2Fcategories&post=1756"},{"taxonomy":"post_tag","embeddable":true,"href":"https:\/\/gesamtschule-walsum.de\/index.php?rest_route=%2Fwp%2Fv2%2Ftags&post=1756"}],"curies":[{"name":"wp","href":"https:\/\/api.w.org\/{rel}","templated":true}]}}