{"id":2036,"date":"2022-01-10T19:05:46","date_gmt":"2022-01-10T18:05:46","guid":{"rendered":"https:\/\/gesamtschule-walsum.de\/?p=2036"},"modified":"2022-01-10T19:05:46","modified_gmt":"2022-01-10T18:05:46","slug":"anmeldung-2022","status":"publish","type":"post","link":"https:\/\/gesamtschule-walsum.de\/?p=2036","title":{"rendered":"Anmeldung 2022"},"content":{"rendered":"<p style=\"margin: 0cm; text-align: center;\" align=\"center\"><em><u>Der Tag der offenen T\u00fcr am 22.01.2022 f\u00e4llt aufgrund<\/u><\/em><\/p>\n<p style=\"text-align: center; margin: 0cm 0cm 12.0pt 0cm;\" align=\"center\"><em><u>des aktuellen hohen Infektionsgeschehens aus.<\/u><\/em><\/p>\n<p style=\"margin: 0cm;\"><em>Termine f\u00fcr das Anmeldeverfahren 2022 <\/em><strong><i>Jahrgang 5<\/i><\/strong><em>:<\/em><\/p>\n<p style=\"margin: 0cm;\">Montag, 31.01.2022 von 7:45 \u2013 18:00 Uhr<\/p>\n<p style=\"margin: 0cm;\">Dienstag, 01.02.2022 von 7:45 \u2013 18:00 Uhr<\/p>\n<p style=\"margin: 0cm;\">Mittwoch, 02.02.2022 von 7:45 \u2013 18:00 Uhr<\/p>\n<p style=\"margin: 0cm;\">Donnerstag, 03.02.2022 von 7:45 \u2013 18:00 Uhr<\/p>\n<p style=\"margin: 0cm;\">Freitag, 04.02.2022 von 7:45 \u2013 15:00 Uhr<\/p>\n<ul>\n<li>Die Anmeldegespr\u00e4che finden im <u>Geb\u00e4ude Kurze Stra\u00dfe<\/u> in den R\u00e4umen K083, K085 und K086 statt.<\/li>\n<li>Eine <u>Terminabsprache<\/u> ist erforderlich und kann ab dem 10.01.2022 telefonisch mit dem Sekretariat unter der Rufnummer 0203\/48 50 40 vorgenommen werden.<\/li>\n<li>Alle weiteren Infos zur Anmeldung finden Sie auf <a href=\"https:\/\/gesamtschule-walsum.de\/?page_id=160\" target=\"_blank\" rel=\"noopener\">unserer Serviceseite<\/a>.<\/li>\n<\/ul>\n<p style=\"margin: 0cm;\"><em>Termine f\u00fcr das Anmeldeverfahren 2022 <\/em><strong><i>Oberstufe<\/i><\/strong><em>:<\/em><\/p>\n<p style=\"margin: 0cm;\">Dienstag, 01.02.2022 von 14:00 \u2013 18:00 Uhr<\/p>\n<p style=\"margin: 0cm;\">Mittwoch, 02.02.2022 von 14:00 \u2013 18:00 Uhr<\/p>\n<p style=\"margin: 0cm;\">Donnerstag, 03.02.2022 von 14:00 \u2013 18:00 Uhr<\/p>\n<ul>\n<li>Die Anmeldegespr\u00e4che finden im <u>Geb\u00e4ude Beckersloh<\/u> in den R\u00e4umen B008 und B006 statt.<\/li>\n<li>Eine <u>Terminabsprache<\/u> ist erforderlich und kann ab dem 10.01.2022 telefonisch mit dem Sekretariat unter der Rufnummer 0203\/48 50 40 vorgenommen werden.<\/li>\n<li>Alle weiteren Infos zur Anmeldung finden Sie auf <a href=\"https:\/\/gesamtschule-walsum.de\/?page_id=160\" target=\"_blank\" rel=\"noopener\">unserer Serviceseite<\/a>.<\/li>\n<\/ul>\n<p>Erste Informationen f\u00fcr unsere neuen F\u00fcnftkl\u00e4ssler haben wir in unserem <a href=\"http:\/\/gesamtschule-walsum.de\/wp-content\/uploads\/2021\/12\/Grundschulbildervortrag2022.pdf\" target=\"_blank\" rel=\"noopener\">Bildervortrag<\/a> zusammengestellt.<\/p>\n<p>F\u00fcr die Oberstufe haben wir ebenfalls eine <a href=\"http:\/\/gesamtschule-walsum.de\/wp-content\/uploads\/2021\/12\/PPT_Elterninfo_2022_Abijg_2025.pdf\" target=\"_blank\" rel=\"noopener\">Pr\u00e4sentation<\/a> bereitgestellt.<\/p>\n","protected":false},"excerpt":{"rendered":"<p>Der Tag der offenen T\u00fcr am 22.01.2022 f\u00e4llt aufgrund des aktuellen hohen Infektionsgeschehens aus. Termine f\u00fcr das Anmeldeverfahren 2022 Jahrgang 5: Montag, 31.01.2022 von 7:45 \u2013 18:00 Uhr Dienstag, 01.02.2022 <a class=\"more-link\" href=\"https:\/\/gesamtschule-walsum.de\/?p=2036\">&#8230; weiterlesen<\/a><\/p>\n","protected":false},"author":1,"featured_media":0,"comment_status":"closed","ping_status":"closed","sticky":false,"template":"","format":"standard","meta":{"footnotes":""},"categories":[1],"tags":[],"class_list":["post-2036","post","type-post","status-publish","format-standard","hentry","category-allgemein"],"_links":{"self":[{"href":"https:\/\/gesamtschule-walsum.de\/index.php?rest_route=\/wp\/v2\/posts\/2036","targetHints":{"allow":["GET"]}}],"collection":[{"href":"https:\/\/gesamtschule-walsum.de\/index.php?rest_route=\/wp\/v2\/posts"}],"about":[{"href":"https:\/\/gesamtschule-walsum.de\/index.php?rest_route=\/wp\/v2\/types\/post"}],"author":[{"embeddable":true,"href":"https:\/\/gesamtschule-walsum.de\/index.php?rest_route=\/wp\/v2\/users\/1"}],"replies":[{"embeddable":true,"href":"https:\/\/gesamtschule-walsum.de\/index.php?rest_route=%2Fwp%2Fv2%2Fcomments&post=2036"}],"version-history":[{"count":7,"href":"https:\/\/gesamtschule-walsum.de\/index.php?rest_route=\/wp\/v2\/posts\/2036\/revisions"}],"predecessor-version":[{"id":2043,"href":"https:\/\/gesamtschule-walsum.de\/index.php?rest_route=\/wp\/v2\/posts\/2036\/revisions\/2043"}],"wp:attachment":[{"href":"https:\/\/gesamtschule-walsum.de\/index.php?rest_route=%2Fwp%2Fv2%2Fmedia&parent=2036"}],"wp:term":[{"taxonomy":"category","embeddable":true,"href":"https:\/\/gesamtschule-walsum.de\/index.php?rest_route=%2Fwp%2Fv2%2Fcategories&post=2036"},{"taxonomy":"post_tag","embeddable":true,"href":"https:\/\/gesamtschule-walsum.de\/index.php?rest_route=%2Fwp%2Fv2%2Ftags&post=2036"}],"curies":[{"name":"wp","href":"https:\/\/api.w.org\/{rel}","templated":true}]}}