{"id":2205,"date":"2022-06-22T22:03:19","date_gmt":"2022-06-22T20:03:19","guid":{"rendered":"https:\/\/gesamtschule-walsum.de\/?p=2205"},"modified":"2022-06-22T22:03:19","modified_gmt":"2022-06-22T20:03:19","slug":"abschlussfeier","status":"publish","type":"post","link":"https:\/\/gesamtschule-walsum.de\/?p=2205","title":{"rendered":"Abschlussfeier"},"content":{"rendered":"<p>162 junge Menschen haben nach sechs Jahre bei uns am 15.06.2022 in der Stadthalle Walsum feierlich ihre Schullaufbahn in der Sekundarstufe I beendet. Gerahmt wurde die Zeugnis\u00fcbergabe von stimmungsvollen Beitr\u00e4gen der HipHop-AG \u201eThe Revolution Crew\u201c von Frau Peschke, der Irish Step Dance-AG unter der Leitung von Herrn Stork und gesanglichen Darbietungen von Alina Rebitzer und Herrn Dr. Schudack am Klavier. Nach einer Fotoshow, die die Sch\u00fcler:innen wehm\u00fctig und belustigt auf viele Momente der letzten Jahre blicken lie\u00df und einer Rede der Abschlussklassen, war der gro\u00dfe Moment f\u00fcr die 162 Absolvent:innen gekommen. Gefeiert wurden neben den besten Abschl\u00fcssen auch besondere Leistungen in der gelungenen Inklusion und Integration. Die Zeugnisse f\u00fcr 41 Hauptschulabschl\u00fcsse, 55 Mittlere Schulabschl\u00fcsse und 66 Mittlere Schulabschl\u00fcsse mit Qualifikation wurden abschlie\u00dfend durch die Klassenleitungen \u00fcberreicht.<\/p>\n<p>Wir w\u00fcnschen allen Sch\u00fcler:innen der Abschlussklassen 2022 viel Erfolg auf ihrem weiteren Lebensweg.<\/p>\n<div id='gallery-1' class='gallery galleryid-2205 gallery-columns-3 gallery-size-thumbnail'><figure class='gallery-item'>\n\t\t\t<div class='gallery-icon landscape'>\n\t\t\t\t<a href='https:\/\/gesamtschule-walsum.de\/wp-content\/uploads\/2022\/06\/Compress_20220622_215559_9354.jpg'><img loading=\"lazy\" decoding=\"async\" width=\"150\" height=\"150\" src=\"https:\/\/gesamtschule-walsum.de\/wp-content\/uploads\/2022\/06\/Compress_20220622_215559_9354-150x150.jpg\" class=\"attachment-thumbnail size-thumbnail\" alt=\"\" \/><\/a>\n\t\t\t<\/div><\/figure><figure class='gallery-item'>\n\t\t\t<div class='gallery-icon landscape'>\n\t\t\t\t<a href='https:\/\/gesamtschule-walsum.de\/wp-content\/uploads\/2022\/06\/Compress_20220622_215559_9194.jpg'><img loading=\"lazy\" decoding=\"async\" width=\"150\" height=\"150\" src=\"https:\/\/gesamtschule-walsum.de\/wp-content\/uploads\/2022\/06\/Compress_20220622_215559_9194-150x150.jpg\" class=\"attachment-thumbnail size-thumbnail\" alt=\"\" \/><\/a>\n\t\t\t<\/div><\/figure><figure class='gallery-item'>\n\t\t\t<div class='gallery-icon portrait'>\n\t\t\t\t<a href='https:\/\/gesamtschule-walsum.de\/wp-content\/uploads\/2022\/06\/Compress_20220622_215558_8942.jpg'><img loading=\"lazy\" decoding=\"async\" width=\"150\" height=\"150\" src=\"https:\/\/gesamtschule-walsum.de\/wp-content\/uploads\/2022\/06\/Compress_20220622_215558_8942-150x150.jpg\" class=\"attachment-thumbnail size-thumbnail\" alt=\"\" \/><\/a>\n\t\t\t<\/div><\/figure>\n\t\t<\/div>\n\n","protected":false},"excerpt":{"rendered":"<p>162 junge Menschen haben nach sechs Jahre bei uns am 15.06.2022 in der Stadthalle Walsum feierlich ihre Schullaufbahn in der Sekundarstufe I beendet. Gerahmt wurde die Zeugnis\u00fcbergabe von stimmungsvollen Beitr\u00e4gen <a class=\"more-link\" href=\"https:\/\/gesamtschule-walsum.de\/?p=2205\">&#8230; weiterlesen<\/a><\/p>\n","protected":false},"author":1,"featured_media":0,"comment_status":"closed","ping_status":"closed","sticky":false,"template":"","format":"standard","meta":{"footnotes":""},"categories":[1],"tags":[],"class_list":["post-2205","post","type-post","status-publish","format-standard","hentry","category-allgemein"],"_links":{"self":[{"href":"https:\/\/gesamtschule-walsum.de\/index.php?rest_route=\/wp\/v2\/posts\/2205","targetHints":{"allow":["GET"]}}],"collection":[{"href":"https:\/\/gesamtschule-walsum.de\/index.php?rest_route=\/wp\/v2\/posts"}],"about":[{"href":"https:\/\/gesamtschule-walsum.de\/index.php?rest_route=\/wp\/v2\/types\/post"}],"author":[{"embeddable":true,"href":"https:\/\/gesamtschule-walsum.de\/index.php?rest_route=\/wp\/v2\/users\/1"}],"replies":[{"embeddable":true,"href":"https:\/\/gesamtschule-walsum.de\/index.php?rest_route=%2Fwp%2Fv2%2Fcomments&post=2205"}],"version-history":[{"count":1,"href":"https:\/\/gesamtschule-walsum.de\/index.php?rest_route=\/wp\/v2\/posts\/2205\/revisions"}],"predecessor-version":[{"id":2206,"href":"https:\/\/gesamtschule-walsum.de\/index.php?rest_route=\/wp\/v2\/posts\/2205\/revisions\/2206"}],"wp:attachment":[{"href":"https:\/\/gesamtschule-walsum.de\/index.php?rest_route=%2Fwp%2Fv2%2Fmedia&parent=2205"}],"wp:term":[{"taxonomy":"category","embeddable":true,"href":"https:\/\/gesamtschule-walsum.de\/index.php?rest_route=%2Fwp%2Fv2%2Fcategories&post=2205"},{"taxonomy":"post_tag","embeddable":true,"href":"https:\/\/gesamtschule-walsum.de\/index.php?rest_route=%2Fwp%2Fv2%2Ftags&post=2205"}],"curies":[{"name":"wp","href":"https:\/\/api.w.org\/{rel}","templated":true}]}}