{"id":2207,"date":"2022-06-22T22:16:15","date_gmt":"2022-06-22T20:16:15","guid":{"rendered":"https:\/\/gesamtschule-walsum.de\/?p=2207"},"modified":"2022-06-22T22:22:32","modified_gmt":"2022-06-22T20:22:32","slug":"erfolgreicher-sponsorenlauf","status":"publish","type":"post","link":"https:\/\/gesamtschule-walsum.de\/?p=2207","title":{"rendered":"Erfolgreicher Sponsorenlauf"},"content":{"rendered":"<p><a href=\"http:\/\/gesamtschule-walsum.de\/wp-content\/uploads\/2022\/06\/Compress_20220622_215723_3133-scaled.jpg\"><img loading=\"lazy\" decoding=\"async\" class=\"alignleft wp-image-2198 size-thumbnail\" src=\"http:\/\/gesamtschule-walsum.de\/wp-content\/uploads\/2022\/06\/Compress_20220622_215723_3133-150x150.jpg\" alt=\"\" width=\"150\" height=\"150\" \/><\/a>Bei bestem Wetter liefen am heutigen Mittwoch 400 Sch\u00fcler:innen unserer 5. und 6. Klassen zahlreiche Runden durch den Driesenbusch und \u00fcber das Schulgel\u00e4nde. Zugunsten der Kindernothilfe f\u00fcr ihr Projekt f\u00fcr Gefl\u00fcchtete aus der Ukraine in Moldawien legten sich die Sch\u00fcler:innen auf der etwa 750m langen Laufstrecke ins Zeug. Dabei hatten alle teilnehmenden Klassen und Kolleg:innen nach einer gemeinsamen Einstimmung jeweils 90 Minuten Zeit, so viele Runden wie m\u00f6glich zu laufen, um so von ihren zuvor gefundenen Sponsoren Spendengelder zu sammeln.<\/p>\n<p>Ein gro\u00dfer Dank geht an alle L\u00e4ufer:innen, die mit viel Freude zu einem grandiosen Tag und einer beachtlichen Spendensumme beigetragen haben. Danke auch an Rheinfels und Sinalco f\u00fcr die zur Verf\u00fcgung gestellten Getr\u00e4nke.<\/p>\n<div id='gallery-1' class='gallery galleryid-2207 gallery-columns-3 gallery-size-thumbnail'><figure class='gallery-item'>\n\t\t\t<div class='gallery-icon landscape'>\n\t\t\t\t<a href='https:\/\/gesamtschule-walsum.de\/wp-content\/uploads\/2022\/06\/Compress_20220622_220740_0024-1-scaled.jpg'><img loading=\"lazy\" decoding=\"async\" width=\"150\" height=\"150\" src=\"https:\/\/gesamtschule-walsum.de\/wp-content\/uploads\/2022\/06\/Compress_20220622_220740_0024-1-150x150.jpg\" class=\"attachment-thumbnail size-thumbnail\" alt=\"\" \/><\/a>\n\t\t\t<\/div><\/figure><figure class='gallery-item'>\n\t\t\t<div class='gallery-icon landscape'>\n\t\t\t\t<a href='https:\/\/gesamtschule-walsum.de\/wp-content\/uploads\/2022\/06\/Compress_20220622_220743_3197-1-scaled.jpg'><img loading=\"lazy\" decoding=\"async\" width=\"150\" height=\"150\" src=\"https:\/\/gesamtschule-walsum.de\/wp-content\/uploads\/2022\/06\/Compress_20220622_220743_3197-1-150x150.jpg\" class=\"attachment-thumbnail size-thumbnail\" alt=\"\" \/><\/a>\n\t\t\t<\/div><\/figure><figure class='gallery-item'>\n\t\t\t<div class='gallery-icon portrait'>\n\t\t\t\t<a href='https:\/\/gesamtschule-walsum.de\/wp-content\/uploads\/2022\/06\/Compress_20220622_220742_2136-2-scaled.jpg'><img loading=\"lazy\" decoding=\"async\" width=\"150\" height=\"150\" src=\"https:\/\/gesamtschule-walsum.de\/wp-content\/uploads\/2022\/06\/Compress_20220622_220742_2136-2-150x150.jpg\" class=\"attachment-thumbnail size-thumbnail\" alt=\"\" \/><\/a>\n\t\t\t<\/div><\/figure><figure class='gallery-item'>\n\t\t\t<div class='gallery-icon portrait'>\n\t\t\t\t<a href='https:\/\/gesamtschule-walsum.de\/wp-content\/uploads\/2022\/06\/Compress_20220622_220738_8923-1-scaled.jpg'><img loading=\"lazy\" decoding=\"async\" width=\"150\" height=\"150\" src=\"https:\/\/gesamtschule-walsum.de\/wp-content\/uploads\/2022\/06\/Compress_20220622_220738_8923-1-150x150.jpg\" class=\"attachment-thumbnail size-thumbnail\" alt=\"\" \/><\/a>\n\t\t\t<\/div><\/figure><figure class='gallery-item'>\n\t\t\t<div class='gallery-icon portrait'>\n\t\t\t\t<a href='https:\/\/gesamtschule-walsum.de\/wp-content\/uploads\/2022\/06\/Compress_20220622_220740_0641-1-scaled.jpg'><img loading=\"lazy\" decoding=\"async\" width=\"150\" height=\"150\" src=\"https:\/\/gesamtschule-walsum.de\/wp-content\/uploads\/2022\/06\/Compress_20220622_220740_0641-1-150x150.jpg\" class=\"attachment-thumbnail size-thumbnail\" alt=\"\" \/><\/a>\n\t\t\t<\/div><\/figure><figure class='gallery-item'>\n\t\t\t<div class='gallery-icon landscape'>\n\t\t\t\t<a href='https:\/\/gesamtschule-walsum.de\/wp-content\/uploads\/2022\/06\/Compress_20220622_215559_9697.jpg'><img loading=\"lazy\" decoding=\"async\" width=\"150\" height=\"150\" src=\"https:\/\/gesamtschule-walsum.de\/wp-content\/uploads\/2022\/06\/Compress_20220622_215559_9697-150x150.jpg\" class=\"attachment-thumbnail size-thumbnail\" alt=\"\" \/><\/a>\n\t\t\t<\/div><\/figure><figure class='gallery-item'>\n\t\t\t<div class='gallery-icon landscape'>\n\t\t\t\t<a href='https:\/\/gesamtschule-walsum.de\/wp-content\/uploads\/2022\/06\/Compress_20220622_215559_9537.jpg'><img loading=\"lazy\" decoding=\"async\" width=\"150\" height=\"150\" src=\"https:\/\/gesamtschule-walsum.de\/wp-content\/uploads\/2022\/06\/Compress_20220622_215559_9537-150x150.jpg\" class=\"attachment-thumbnail size-thumbnail\" alt=\"\" \/><\/a>\n\t\t\t<\/div><\/figure><figure class='gallery-item'>\n\t\t\t<div class='gallery-icon landscape'>\n\t\t\t\t<a href='https:\/\/gesamtschule-walsum.de\/wp-content\/uploads\/2022\/06\/Compress_20220622_215724_4062-scaled.jpg'><img loading=\"lazy\" decoding=\"async\" width=\"150\" height=\"150\" src=\"https:\/\/gesamtschule-walsum.de\/wp-content\/uploads\/2022\/06\/Compress_20220622_215724_4062-150x150.jpg\" class=\"attachment-thumbnail size-thumbnail\" alt=\"\" \/><\/a>\n\t\t\t<\/div><\/figure><figure class='gallery-item'>\n\t\t\t<div class='gallery-icon landscape'>\n\t\t\t\t<a href='https:\/\/gesamtschule-walsum.de\/wp-content\/uploads\/2022\/06\/Compress_20220622_215723_3492-scaled.jpg'><img loading=\"lazy\" decoding=\"async\" width=\"150\" height=\"150\" src=\"https:\/\/gesamtschule-walsum.de\/wp-content\/uploads\/2022\/06\/Compress_20220622_215723_3492-150x150.jpg\" class=\"attachment-thumbnail size-thumbnail\" alt=\"\" \/><\/a>\n\t\t\t<\/div><\/figure><figure class='gallery-item'>\n\t\t\t<div class='gallery-icon portrait'>\n\t\t\t\t<a href='https:\/\/gesamtschule-walsum.de\/wp-content\/uploads\/2022\/06\/Compress_20220622_215721_1324-scaled.jpg'><img loading=\"lazy\" decoding=\"async\" width=\"150\" height=\"150\" src=\"https:\/\/gesamtschule-walsum.de\/wp-content\/uploads\/2022\/06\/Compress_20220622_215721_1324-150x150.jpg\" class=\"attachment-thumbnail size-thumbnail\" alt=\"\" \/><\/a>\n\t\t\t<\/div><\/figure>\n\t\t<\/div>\n\n<p>&nbsp;<\/p>\n","protected":false},"excerpt":{"rendered":"<p>Bei bestem Wetter liefen am heutigen Mittwoch 400 Sch\u00fcler:innen unserer 5. und 6. Klassen zahlreiche Runden durch den Driesenbusch und \u00fcber das Schulgel\u00e4nde. Zugunsten der Kindernothilfe f\u00fcr ihr Projekt f\u00fcr <a class=\"more-link\" href=\"https:\/\/gesamtschule-walsum.de\/?p=2207\">&#8230; weiterlesen<\/a><\/p>\n","protected":false},"author":1,"featured_media":0,"comment_status":"closed","ping_status":"closed","sticky":false,"template":"","format":"standard","meta":{"footnotes":""},"categories":[1],"tags":[],"class_list":["post-2207","post","type-post","status-publish","format-standard","hentry","category-allgemein"],"_links":{"self":[{"href":"https:\/\/gesamtschule-walsum.de\/index.php?rest_route=\/wp\/v2\/posts\/2207","targetHints":{"allow":["GET"]}}],"collection":[{"href":"https:\/\/gesamtschule-walsum.de\/index.php?rest_route=\/wp\/v2\/posts"}],"about":[{"href":"https:\/\/gesamtschule-walsum.de\/index.php?rest_route=\/wp\/v2\/types\/post"}],"author":[{"embeddable":true,"href":"https:\/\/gesamtschule-walsum.de\/index.php?rest_route=\/wp\/v2\/users\/1"}],"replies":[{"embeddable":true,"href":"https:\/\/gesamtschule-walsum.de\/index.php?rest_route=%2Fwp%2Fv2%2Fcomments&post=2207"}],"version-history":[{"count":3,"href":"https:\/\/gesamtschule-walsum.de\/index.php?rest_route=\/wp\/v2\/posts\/2207\/revisions"}],"predecessor-version":[{"id":2223,"href":"https:\/\/gesamtschule-walsum.de\/index.php?rest_route=\/wp\/v2\/posts\/2207\/revisions\/2223"}],"wp:attachment":[{"href":"https:\/\/gesamtschule-walsum.de\/index.php?rest_route=%2Fwp%2Fv2%2Fmedia&parent=2207"}],"wp:term":[{"taxonomy":"category","embeddable":true,"href":"https:\/\/gesamtschule-walsum.de\/index.php?rest_route=%2Fwp%2Fv2%2Fcategories&post=2207"},{"taxonomy":"post_tag","embeddable":true,"href":"https:\/\/gesamtschule-walsum.de\/index.php?rest_route=%2Fwp%2Fv2%2Ftags&post=2207"}],"curies":[{"name":"wp","href":"https:\/\/api.w.org\/{rel}","templated":true}]}}