{"id":2460,"date":"2022-10-05T20:50:08","date_gmt":"2022-10-05T18:50:08","guid":{"rendered":"https:\/\/gesamtschule-walsum.de\/?p=2460"},"modified":"2022-10-05T20:52:00","modified_gmt":"2022-10-05T18:52:00","slug":"erster-ausflug-des-jahrgangs-5-eindruecke-vom-klettertag","status":"publish","type":"post","link":"https:\/\/gesamtschule-walsum.de\/?p=2460","title":{"rendered":"Erster Ausflug des Jahrgangs 5: Eindr\u00fccke vom Klettertag"},"content":{"rendered":"<p class=\"s6\"><span class=\"s4\">Vor<\/span><span class=\"s5\"> dem Klettern: <\/span><\/p>\n<p class=\"s6\"><span class=\"s5\">Mit gemischten Gef\u00fchlen stell<\/span><span class=\"s5\">t<\/span><span class=\"s5\">en sich die meisten Teilnehmer*innen ans Ende der Schlange bei der <\/span><span class=\"s5\">Gurt<\/span><span class=\"s5\">ausgabe am Kletterpark &#8230; einige \u201escharr<\/span><span class=\"s5\">t<\/span><span class=\"s5\">en mit den Hufen\u201c und warte<\/span><span class=\"s5\">te<\/span><span class=\"s5\">n ungeduldig auf den Start&#8230; andere sinnier<\/span><span class=\"s5\">t<\/span><span class=\"s5\">en dar\u00fcber, wie sie m\u00f6glichst sicher durch den Parcours kommen<\/span><span class=\"s5\"> k\u00f6nnen<\/span><span class=\"s5\">, dessen Verlauf sie von hier aus nur erahnen (will sagen: bef\u00fcrcht<\/span><span class=\"s5\">e<\/span><span class=\"s5\">n) k<\/span><span class=\"s5\">onnten<\/span><span class=\"s5\">&#8230; wieder andere blick<\/span><span class=\"s5\">t<\/span><span class=\"s5\">en scheinbar teilnahmslos in die Gegen<\/span><span class=\"s5\">d<\/span><span class=\"s5\"> und <\/span><span class=\"s5\">waren <\/span><span class=\"s5\">damit besch\u00e4ftigt, sich irgendwie abzulenken<\/span><span class=\"s5\"> und trotzdem noch m\u00f6glichst mutig zu wirken<\/span><span class=\"s5\">&#8230; <\/span><\/p>\n<p class=\"s6\"><span class=\"s4\">W\u00e4hrend<\/span><span class=\"s5\"> des Kletterns: <\/span><\/p>\n<p class=\"s6\"><span class=\"s5\">Jetzt <\/span><span class=\"s5\">sah<\/span><span class=\"s5\"> man fast nur noch Kinder, die sich mit viel Spa\u00df und gro\u00dfer Begeisterung auf dem Kletterpfad vorw\u00e4rtsbeweg<\/span><span class=\"s5\">t<\/span><span class=\"s5\">en und dabei jede Menge pers\u00f6nliche Erfolgserlebnisse sammel<\/span><span class=\"s5\">te<\/span><span class=\"s5\">n. Gro\u00dfartig zu sehen, wie diejenigen Kinder, die sich gerade auf dem Boden bef<\/span><span class=\"s5\">a<\/span><span class=\"s5\">nden, die anderen anfeuer<\/span><span class=\"s5\">te<\/span><span class=\"s5\">n, sie unterst\u00fctz<\/span><span class=\"s5\">t<\/span><span class=\"s5\">en, ihnen Mut <\/span><span class=\"s5\">mach<\/span><span class=\"s5\">t<\/span><span class=\"s5\">en<\/span><span class=\"s5\">! Kurz gesagt: Ein Erlebnis mit hohem Spa\u00dffaktor und gro\u00dfem Gemeinschaftsgef\u00fchl!<\/span><\/p>\n<p class=\"s6\"><span class=\"s4\">Nach<\/span><span class=\"s5\"> dem Klettern: <\/span><\/p>\n<p class=\"s6\"><span class=\"s5\">Ha<\/span><span class=\"s5\">t<\/span><span class=\"s5\">t<\/span><span class=\"s5\">e<\/span><span class=\"s5\"> man sich also einmal <\/span><span class=\"s5\">getraut<\/span><span class=\"s5\">, so <\/span><span class=\"s5\">stand<\/span><span class=\"s5\"> am Ende bei fast <\/span><span class=\"s5\">allen gro\u00dfer Stolz<\/span><span class=\"s5\"> dar\u00fcber, sich getraut zu haben \u2013 und der Wunsch, m\u00f6glichst bald wieder <\/span><span class=\"s5\">gemeinsam <\/span><span class=\"s5\">klettern zu gehen<\/span><span class=\"s5\">. Letztlich \u00fcberwog n\u00e4mlich nicht der individuelle Stolz, sondern vor allem das Gef\u00fchl des gemeinsamen Erfolgserlebnisses. <\/span><\/p>\n<div id='gallery-1' class='gallery galleryid-2460 gallery-columns-3 gallery-size-thumbnail'><figure class='gallery-item'>\n\t\t\t<div class='gallery-icon landscape'>\n\t\t\t\t<a href='https:\/\/gesamtschule-walsum.de\/wp-content\/uploads\/2022\/10\/Compress_20221005_201830_0074-scaled.jpg'><img loading=\"lazy\" decoding=\"async\" width=\"150\" height=\"150\" src=\"https:\/\/gesamtschule-walsum.de\/wp-content\/uploads\/2022\/10\/Compress_20221005_201830_0074-150x150.jpg\" class=\"attachment-thumbnail size-thumbnail\" alt=\"\" \/><\/a>\n\t\t\t<\/div><\/figure><figure class='gallery-item'>\n\t\t\t<div class='gallery-icon landscape'>\n\t\t\t\t<a href='https:\/\/gesamtschule-walsum.de\/wp-content\/uploads\/2022\/10\/Compress_20221005_201831_1359.jpg'><img loading=\"lazy\" decoding=\"async\" width=\"150\" height=\"150\" src=\"https:\/\/gesamtschule-walsum.de\/wp-content\/uploads\/2022\/10\/Compress_20221005_201831_1359-150x150.jpg\" class=\"attachment-thumbnail size-thumbnail\" alt=\"\" \/><\/a>\n\t\t\t<\/div><\/figure><figure class='gallery-item'>\n\t\t\t<div class='gallery-icon landscape'>\n\t\t\t\t<a href='https:\/\/gesamtschule-walsum.de\/wp-content\/uploads\/2022\/10\/Compress_20221005_201831_1057.jpg'><img loading=\"lazy\" decoding=\"async\" width=\"150\" height=\"150\" src=\"https:\/\/gesamtschule-walsum.de\/wp-content\/uploads\/2022\/10\/Compress_20221005_201831_1057-150x150.jpg\" class=\"attachment-thumbnail size-thumbnail\" alt=\"\" \/><\/a>\n\t\t\t<\/div><\/figure>\n\t\t<\/div>\n\n","protected":false},"excerpt":{"rendered":"<p>Vor dem Klettern: Mit gemischten Gef\u00fchlen stellten sich die meisten Teilnehmer*innen ans Ende der Schlange bei der Gurtausgabe am Kletterpark &#8230; einige \u201escharrten mit den Hufen\u201c und warteten ungeduldig auf <a class=\"more-link\" href=\"https:\/\/gesamtschule-walsum.de\/?p=2460\">&#8230; weiterlesen<\/a><\/p>\n","protected":false},"author":1,"featured_media":0,"comment_status":"closed","ping_status":"closed","sticky":false,"template":"","format":"standard","meta":{"footnotes":""},"categories":[1],"tags":[],"class_list":["post-2460","post","type-post","status-publish","format-standard","hentry","category-allgemein"],"_links":{"self":[{"href":"https:\/\/gesamtschule-walsum.de\/index.php?rest_route=\/wp\/v2\/posts\/2460","targetHints":{"allow":["GET"]}}],"collection":[{"href":"https:\/\/gesamtschule-walsum.de\/index.php?rest_route=\/wp\/v2\/posts"}],"about":[{"href":"https:\/\/gesamtschule-walsum.de\/index.php?rest_route=\/wp\/v2\/types\/post"}],"author":[{"embeddable":true,"href":"https:\/\/gesamtschule-walsum.de\/index.php?rest_route=\/wp\/v2\/users\/1"}],"replies":[{"embeddable":true,"href":"https:\/\/gesamtschule-walsum.de\/index.php?rest_route=%2Fwp%2Fv2%2Fcomments&post=2460"}],"version-history":[{"count":2,"href":"https:\/\/gesamtschule-walsum.de\/index.php?rest_route=\/wp\/v2\/posts\/2460\/revisions"}],"predecessor-version":[{"id":2462,"href":"https:\/\/gesamtschule-walsum.de\/index.php?rest_route=\/wp\/v2\/posts\/2460\/revisions\/2462"}],"wp:attachment":[{"href":"https:\/\/gesamtschule-walsum.de\/index.php?rest_route=%2Fwp%2Fv2%2Fmedia&parent=2460"}],"wp:term":[{"taxonomy":"category","embeddable":true,"href":"https:\/\/gesamtschule-walsum.de\/index.php?rest_route=%2Fwp%2Fv2%2Fcategories&post=2460"},{"taxonomy":"post_tag","embeddable":true,"href":"https:\/\/gesamtschule-walsum.de\/index.php?rest_route=%2Fwp%2Fv2%2Ftags&post=2460"}],"curies":[{"name":"wp","href":"https:\/\/api.w.org\/{rel}","templated":true}]}}