{"id":2473,"date":"2022-11-04T11:27:51","date_gmt":"2022-11-04T10:27:51","guid":{"rendered":"https:\/\/gesamtschule-walsum.de\/?p=2473"},"modified":"2022-11-04T11:38:38","modified_gmt":"2022-11-04T10:38:38","slug":"siebtklaessler-lernen-pruefen-rufen-druecken","status":"publish","type":"post","link":"https:\/\/gesamtschule-walsum.de\/?p=2473","title":{"rendered":"Siebtkl\u00e4ssler lernen \u201ePr\u00fcfen-Rufen-Dr\u00fccken\u201c"},"content":{"rendered":"<p>Ende September 2022 fand wieder ein besonderes Projekt f\u00fcr die Sch\u00fclerinnen und Sch\u00fcler der 7. Jahrgangsstufe der Gesamtschule Walsum statt: Reanimationsspezialisten zeigten ihnen, wie man im Notfall ein Leben rettet.<\/p>\n<p>Der pl\u00f6tzliche Herztod kann jeden treffen. Sofortiges und schnelles Handeln ist entscheidend f\u00fcr das \u00dcberleben der Betroffenen. Die Laienreanimation stellt das erste Glied der Rettungskette dar, denn im Notfall gilt: Jede Minute z\u00e4hlt.<\/p>\n<p>Nun geht wohl niemand unserer Siebtkl\u00e4ssler mehr vorbei und ist besser vorbereitet. Pr\u00fcfen \u2013 Rufen \u2013 Dr\u00fccken: Klingt einfach, kann aber sehr anstrengend werden. Aber es gibt auch hier ein Hilfsmittel: Zur bekannten Melodie von \u201eHey, Pipi Langstrumpf\u201c w\u00fcrden die geschulten Jugendlichen nun im richtigen Rhythmus reanimieren, wenn es darauf ankommt.<\/p>\n<p>So kann das Ziel erreicht werden, dass die Wiederbelebung zur Selbstverst\u00e4ndlichkeit wird und die Angst davor, etwas falsch zu machen verschwindet. Denn laut Ausbildern Lothar Reinike und Lars Beck sei nichts zu tun das einzig Falsche. Es gehe dabei auch gar nicht darum, nur die perfekte Wiederbelebung durchzuf\u00fchren, sondern vor allem f\u00fcr das Thema Reanimation sensibilisiert zu werden und einen Notfall wahrzunehmen und zu helfen.<\/p>\n<p>Bereitwillig wurden alle Informationen aufgenommen und die M\u00f6glichkeit zum Ausprobieren rege genutzt. Die Jugendlichen waren begeistert und beeindruckt. Jede*r Teilnehmende erhielt zum Abschluss eine Bescheinigung.<\/p>\n<div id='gallery-1' class='gallery galleryid-2473 gallery-columns-3 gallery-size-thumbnail'><figure class='gallery-item'>\n\t\t\t<div class='gallery-icon landscape'>\n\t\t\t\t<a href='https:\/\/gesamtschule-walsum.de\/wp-content\/uploads\/2022\/11\/IMG_20220927_111225-scaled.jpg'><img loading=\"lazy\" decoding=\"async\" width=\"150\" height=\"150\" src=\"https:\/\/gesamtschule-walsum.de\/wp-content\/uploads\/2022\/11\/IMG_20220927_111225-150x150.jpg\" class=\"attachment-thumbnail size-thumbnail\" alt=\"\" \/><\/a>\n\t\t\t<\/div><\/figure><figure class='gallery-item'>\n\t\t\t<div class='gallery-icon portrait'>\n\t\t\t\t<a href='https:\/\/gesamtschule-walsum.de\/wp-content\/uploads\/2022\/11\/20220928_094521-scaled.jpg'><img loading=\"lazy\" decoding=\"async\" width=\"150\" height=\"150\" src=\"https:\/\/gesamtschule-walsum.de\/wp-content\/uploads\/2022\/11\/20220928_094521-150x150.jpg\" class=\"attachment-thumbnail size-thumbnail\" alt=\"\" \/><\/a>\n\t\t\t<\/div><\/figure><figure class='gallery-item'>\n\t\t\t<div class='gallery-icon portrait'>\n\t\t\t\t<a href='https:\/\/gesamtschule-walsum.de\/wp-content\/uploads\/2022\/11\/20220928_084606-scaled.jpg'><img loading=\"lazy\" decoding=\"async\" width=\"150\" height=\"150\" src=\"https:\/\/gesamtschule-walsum.de\/wp-content\/uploads\/2022\/11\/20220928_084606-150x150.jpg\" class=\"attachment-thumbnail size-thumbnail\" alt=\"\" \/><\/a>\n\t\t\t<\/div><\/figure>\n\t\t<\/div>\n\n","protected":false},"excerpt":{"rendered":"<p>Ende September 2022 fand wieder ein besonderes Projekt f\u00fcr die Sch\u00fclerinnen und Sch\u00fcler der 7. Jahrgangsstufe der Gesamtschule Walsum statt: Reanimationsspezialisten zeigten ihnen, wie man im Notfall ein Leben rettet. <a class=\"more-link\" href=\"https:\/\/gesamtschule-walsum.de\/?p=2473\">&#8230; weiterlesen<\/a><\/p>\n","protected":false},"author":1,"featured_media":0,"comment_status":"closed","ping_status":"closed","sticky":false,"template":"","format":"standard","meta":{"footnotes":""},"categories":[1],"tags":[],"class_list":["post-2473","post","type-post","status-publish","format-standard","hentry","category-allgemein"],"_links":{"self":[{"href":"https:\/\/gesamtschule-walsum.de\/index.php?rest_route=\/wp\/v2\/posts\/2473","targetHints":{"allow":["GET"]}}],"collection":[{"href":"https:\/\/gesamtschule-walsum.de\/index.php?rest_route=\/wp\/v2\/posts"}],"about":[{"href":"https:\/\/gesamtschule-walsum.de\/index.php?rest_route=\/wp\/v2\/types\/post"}],"author":[{"embeddable":true,"href":"https:\/\/gesamtschule-walsum.de\/index.php?rest_route=\/wp\/v2\/users\/1"}],"replies":[{"embeddable":true,"href":"https:\/\/gesamtschule-walsum.de\/index.php?rest_route=%2Fwp%2Fv2%2Fcomments&post=2473"}],"version-history":[{"count":5,"href":"https:\/\/gesamtschule-walsum.de\/index.php?rest_route=\/wp\/v2\/posts\/2473\/revisions"}],"predecessor-version":[{"id":2481,"href":"https:\/\/gesamtschule-walsum.de\/index.php?rest_route=\/wp\/v2\/posts\/2473\/revisions\/2481"}],"wp:attachment":[{"href":"https:\/\/gesamtschule-walsum.de\/index.php?rest_route=%2Fwp%2Fv2%2Fmedia&parent=2473"}],"wp:term":[{"taxonomy":"category","embeddable":true,"href":"https:\/\/gesamtschule-walsum.de\/index.php?rest_route=%2Fwp%2Fv2%2Fcategories&post=2473"},{"taxonomy":"post_tag","embeddable":true,"href":"https:\/\/gesamtschule-walsum.de\/index.php?rest_route=%2Fwp%2Fv2%2Ftags&post=2473"}],"curies":[{"name":"wp","href":"https:\/\/api.w.org\/{rel}","templated":true}]}}