{"id":2483,"date":"2022-12-05T20:31:16","date_gmt":"2022-12-05T19:31:16","guid":{"rendered":"https:\/\/gesamtschule-walsum.de\/?p=2483"},"modified":"2022-12-06T17:36:54","modified_gmt":"2022-12-06T16:36:54","slug":"gewa-goes-erasmus-again","status":"publish","type":"post","link":"https:\/\/gesamtschule-walsum.de\/?p=2483","title":{"rendered":"GeWa goes Erasmus+ again"},"content":{"rendered":"<p>Wir sind stolz, unser neues Erasmusprojekt &#8222;Empower Empathie &#8211; Unite &#8211; Corporate&#8220; zu beginnen.<\/p>\n<p>Zust\u00e4ndig als Projektleiterinnen sind Frau Sagol, Frau Kurnaz und Frau Bruckhoff. Wir freuen uns, im Februar unsere Partner*innen aus Portugal und der T\u00fcrkei an der GeWa begr\u00fc\u00dfen zu d\u00fcrfen.<\/p>\n<p><span style=\"font-size: 24pt;\">\ud83c\uddf5\ud83c\uddf9\u00a0\ud83c\udde9\ud83c\uddea\u00a0\ud83c\uddf9\ud83c\uddf7<\/span><\/p>\n<p>Weitere Fragen zu Erasmus beantwortet gerne Frau Marczoch.<\/p>\n<figure id=\"attachment_2484\" aria-describedby=\"caption-attachment-2484\" style=\"width: 300px\" class=\"wp-caption alignleft\"><a href=\"http:\/\/gesamtschule-walsum.de\/wp-content\/uploads\/2022\/12\/IMG-20221205-WA0000.jpg\"><img loading=\"lazy\" decoding=\"async\" class=\"wp-image-2484 size-medium\" src=\"http:\/\/gesamtschule-walsum.de\/wp-content\/uploads\/2022\/12\/IMG-20221205-WA0000-300x225.jpg\" alt=\"\" width=\"300\" height=\"225\" srcset=\"https:\/\/gesamtschule-walsum.de\/wp-content\/uploads\/2022\/12\/IMG-20221205-WA0000-300x225.jpg 300w, https:\/\/gesamtschule-walsum.de\/wp-content\/uploads\/2022\/12\/IMG-20221205-WA0000-1024x768.jpg 1024w, https:\/\/gesamtschule-walsum.de\/wp-content\/uploads\/2022\/12\/IMG-20221205-WA0000-768x576.jpg 768w, https:\/\/gesamtschule-walsum.de\/wp-content\/uploads\/2022\/12\/IMG-20221205-WA0000-1536x1152.jpg 1536w, https:\/\/gesamtschule-walsum.de\/wp-content\/uploads\/2022\/12\/IMG-20221205-WA0000-200x150.jpg 200w, https:\/\/gesamtschule-walsum.de\/wp-content\/uploads\/2022\/12\/IMG-20221205-WA0000.jpg 2048w\" sizes=\"auto, (max-width: 300px) 100vw, 300px\" \/><\/a><figcaption id=\"caption-attachment-2484\" class=\"wp-caption-text\">Schulleiter Henning Korsten mit dem Erasmus-Team<\/figcaption><\/figure>\n","protected":false},"excerpt":{"rendered":"<p>Wir sind stolz, unser neues Erasmusprojekt &#8222;Empower Empathie &#8211; Unite &#8211; Corporate&#8220; zu beginnen. Zust\u00e4ndig als Projektleiterinnen sind Frau Sagol, Frau Kurnaz und Frau Bruckhoff. Wir freuen uns, im Februar <a class=\"more-link\" href=\"https:\/\/gesamtschule-walsum.de\/?p=2483\">&#8230; weiterlesen<\/a><\/p>\n","protected":false},"author":1,"featured_media":0,"comment_status":"closed","ping_status":"closed","sticky":false,"template":"","format":"standard","meta":{"footnotes":""},"categories":[1],"tags":[],"class_list":["post-2483","post","type-post","status-publish","format-standard","hentry","category-allgemein"],"_links":{"self":[{"href":"https:\/\/gesamtschule-walsum.de\/index.php?rest_route=\/wp\/v2\/posts\/2483","targetHints":{"allow":["GET"]}}],"collection":[{"href":"https:\/\/gesamtschule-walsum.de\/index.php?rest_route=\/wp\/v2\/posts"}],"about":[{"href":"https:\/\/gesamtschule-walsum.de\/index.php?rest_route=\/wp\/v2\/types\/post"}],"author":[{"embeddable":true,"href":"https:\/\/gesamtschule-walsum.de\/index.php?rest_route=\/wp\/v2\/users\/1"}],"replies":[{"embeddable":true,"href":"https:\/\/gesamtschule-walsum.de\/index.php?rest_route=%2Fwp%2Fv2%2Fcomments&post=2483"}],"version-history":[{"count":2,"href":"https:\/\/gesamtschule-walsum.de\/index.php?rest_route=\/wp\/v2\/posts\/2483\/revisions"}],"predecessor-version":[{"id":2489,"href":"https:\/\/gesamtschule-walsum.de\/index.php?rest_route=\/wp\/v2\/posts\/2483\/revisions\/2489"}],"wp:attachment":[{"href":"https:\/\/gesamtschule-walsum.de\/index.php?rest_route=%2Fwp%2Fv2%2Fmedia&parent=2483"}],"wp:term":[{"taxonomy":"category","embeddable":true,"href":"https:\/\/gesamtschule-walsum.de\/index.php?rest_route=%2Fwp%2Fv2%2Fcategories&post=2483"},{"taxonomy":"post_tag","embeddable":true,"href":"https:\/\/gesamtschule-walsum.de\/index.php?rest_route=%2Fwp%2Fv2%2Ftags&post=2483"}],"curies":[{"name":"wp","href":"https:\/\/api.w.org\/{rel}","templated":true}]}}