{"id":2762,"date":"2023-06-16T17:27:23","date_gmt":"2023-06-16T15:27:23","guid":{"rendered":"https:\/\/gesamtschule-walsum.de\/?p=2762"},"modified":"2023-06-16T17:27:23","modified_gmt":"2023-06-16T15:27:23","slug":"sportfest-2","status":"publish","type":"post","link":"https:\/\/gesamtschule-walsum.de\/?p=2762","title":{"rendered":"Sportfest"},"content":{"rendered":"<p>Das inzwischen traditionelle Sportfest in neuer Form sorgte wieder einmal f\u00fcr viel Action und Spa\u00df an der GeWa. In den einzelnen Jahrg\u00e4ngen k\u00e4mpften die Klassen in verschiedenen Wettbewerben um Punkte. Gewonnen haben hinterher alle, denn: Teamwork ist Triumph!<\/p>\n<div id='gallery-1' class='gallery galleryid-2762 gallery-columns-3 gallery-size-thumbnail'><figure class='gallery-item'>\n\t\t\t<div class='gallery-icon portrait'>\n\t\t\t\t<a href='https:\/\/gesamtschule-walsum.de\/?attachment_id=2761'><img loading=\"lazy\" decoding=\"async\" width=\"150\" height=\"150\" src=\"https:\/\/gesamtschule-walsum.de\/wp-content\/uploads\/2023\/06\/Compress_20230616_170241_1512-150x150.jpg\" class=\"attachment-thumbnail size-thumbnail\" alt=\"\" \/><\/a>\n\t\t\t<\/div><\/figure><figure class='gallery-item'>\n\t\t\t<div class='gallery-icon landscape'>\n\t\t\t\t<a href='https:\/\/gesamtschule-walsum.de\/?attachment_id=2758'><img loading=\"lazy\" decoding=\"async\" width=\"150\" height=\"150\" src=\"https:\/\/gesamtschule-walsum.de\/wp-content\/uploads\/2023\/06\/Compress_20230616_170242_2614-150x150.jpg\" class=\"attachment-thumbnail size-thumbnail\" alt=\"\" \/><\/a>\n\t\t\t<\/div><\/figure><figure class='gallery-item'>\n\t\t\t<div class='gallery-icon landscape'>\n\t\t\t\t<a href='https:\/\/gesamtschule-walsum.de\/?attachment_id=2760'><img loading=\"lazy\" decoding=\"async\" width=\"150\" height=\"150\" src=\"https:\/\/gesamtschule-walsum.de\/wp-content\/uploads\/2023\/06\/Compress_20230616_170241_1136-150x150.jpg\" class=\"attachment-thumbnail size-thumbnail\" alt=\"\" \/><\/a>\n\t\t\t<\/div><\/figure><figure class='gallery-item'>\n\t\t\t<div class='gallery-icon portrait'>\n\t\t\t\t<a href='https:\/\/gesamtschule-walsum.de\/?attachment_id=2759'><img loading=\"lazy\" decoding=\"async\" width=\"150\" height=\"150\" src=\"https:\/\/gesamtschule-walsum.de\/wp-content\/uploads\/2023\/06\/Compress_20230616_170240_0651-150x150.jpg\" class=\"attachment-thumbnail size-thumbnail\" alt=\"\" \/><\/a>\n\t\t\t<\/div><\/figure><figure class='gallery-item'>\n\t\t\t<div class='gallery-icon portrait'>\n\t\t\t\t<a href='https:\/\/gesamtschule-walsum.de\/?attachment_id=2755'><img loading=\"lazy\" decoding=\"async\" width=\"150\" height=\"150\" src=\"https:\/\/gesamtschule-walsum.de\/wp-content\/uploads\/2023\/06\/Compress_20230616_170243_3026-150x150.jpg\" class=\"attachment-thumbnail size-thumbnail\" alt=\"\" \/><\/a>\n\t\t\t<\/div><\/figure><figure class='gallery-item'>\n\t\t\t<div class='gallery-icon portrait'>\n\t\t\t\t<a href='https:\/\/gesamtschule-walsum.de\/?attachment_id=2756'><img loading=\"lazy\" decoding=\"async\" width=\"150\" height=\"150\" src=\"https:\/\/gesamtschule-walsum.de\/wp-content\/uploads\/2023\/06\/Compress_20230616_170241_1786-150x150.jpg\" class=\"attachment-thumbnail size-thumbnail\" alt=\"\" \/><\/a>\n\t\t\t<\/div><\/figure><figure class='gallery-item'>\n\t\t\t<div class='gallery-icon portrait'>\n\t\t\t\t<a href='https:\/\/gesamtschule-walsum.de\/?attachment_id=2757'><img loading=\"lazy\" decoding=\"async\" width=\"150\" height=\"150\" src=\"https:\/\/gesamtschule-walsum.de\/wp-content\/uploads\/2023\/06\/Compress_20230616_170242_2089-150x150.jpg\" class=\"attachment-thumbnail size-thumbnail\" alt=\"\" \/><\/a>\n\t\t\t<\/div><\/figure><figure class='gallery-item'>\n\t\t\t<div class='gallery-icon landscape'>\n\t\t\t\t<a href='https:\/\/gesamtschule-walsum.de\/?attachment_id=2754'><img loading=\"lazy\" decoding=\"async\" width=\"150\" height=\"150\" src=\"https:\/\/gesamtschule-walsum.de\/wp-content\/uploads\/2023\/06\/Compress_20230616_170243_3605-150x150.jpg\" class=\"attachment-thumbnail size-thumbnail\" alt=\"\" \/><\/a>\n\t\t\t<\/div><\/figure>\n\t\t<\/div>\n\n","protected":false},"excerpt":{"rendered":"<p>Das inzwischen traditionelle Sportfest in neuer Form sorgte wieder einmal f\u00fcr viel Action und Spa\u00df an der GeWa. In den einzelnen Jahrg\u00e4ngen k\u00e4mpften die Klassen in verschiedenen Wettbewerben um Punkte. <a class=\"more-link\" href=\"https:\/\/gesamtschule-walsum.de\/?p=2762\">&#8230; weiterlesen<\/a><\/p>\n","protected":false},"author":1,"featured_media":0,"comment_status":"closed","ping_status":"closed","sticky":false,"template":"","format":"standard","meta":{"footnotes":""},"categories":[1],"tags":[],"class_list":["post-2762","post","type-post","status-publish","format-standard","hentry","category-allgemein"],"_links":{"self":[{"href":"https:\/\/gesamtschule-walsum.de\/index.php?rest_route=\/wp\/v2\/posts\/2762","targetHints":{"allow":["GET"]}}],"collection":[{"href":"https:\/\/gesamtschule-walsum.de\/index.php?rest_route=\/wp\/v2\/posts"}],"about":[{"href":"https:\/\/gesamtschule-walsum.de\/index.php?rest_route=\/wp\/v2\/types\/post"}],"author":[{"embeddable":true,"href":"https:\/\/gesamtschule-walsum.de\/index.php?rest_route=\/wp\/v2\/users\/1"}],"replies":[{"embeddable":true,"href":"https:\/\/gesamtschule-walsum.de\/index.php?rest_route=%2Fwp%2Fv2%2Fcomments&post=2762"}],"version-history":[{"count":1,"href":"https:\/\/gesamtschule-walsum.de\/index.php?rest_route=\/wp\/v2\/posts\/2762\/revisions"}],"predecessor-version":[{"id":2763,"href":"https:\/\/gesamtschule-walsum.de\/index.php?rest_route=\/wp\/v2\/posts\/2762\/revisions\/2763"}],"wp:attachment":[{"href":"https:\/\/gesamtschule-walsum.de\/index.php?rest_route=%2Fwp%2Fv2%2Fmedia&parent=2762"}],"wp:term":[{"taxonomy":"category","embeddable":true,"href":"https:\/\/gesamtschule-walsum.de\/index.php?rest_route=%2Fwp%2Fv2%2Fcategories&post=2762"},{"taxonomy":"post_tag","embeddable":true,"href":"https:\/\/gesamtschule-walsum.de\/index.php?rest_route=%2Fwp%2Fv2%2Ftags&post=2762"}],"curies":[{"name":"wp","href":"https:\/\/api.w.org\/{rel}","templated":true}]}}