{"id":3111,"date":"2024-01-14T22:02:27","date_gmt":"2024-01-14T21:02:27","guid":{"rendered":"https:\/\/gesamtschule-walsum.de\/?p=3111"},"modified":"2024-01-14T22:03:45","modified_gmt":"2024-01-14T21:03:45","slug":"spenden-fuer-die-tafel","status":"publish","type":"post","link":"https:\/\/gesamtschule-walsum.de\/?p=3111","title":{"rendered":"Spenden f\u00fcr die Tafel"},"content":{"rendered":"<p>Liebe Sch\u00fclerinnen und Sch\u00fcler, liebe Eltern, liebes Kollegium,<\/p>\n<p>mit eurer und Ihrer Hilfe und Spenden konnte die SV vor den Ferien 90 T\u00fcten an die Tafel \u00fcbergeben. Vielen Dank an alle, die ihren Beitrag dazu geleistet haben.<\/p>\n<p>Und nochmal ein gro\u00dfes Dankesch\u00f6n an die Sch\u00fclerInnen, die flei\u00dfig beim Packen und Tragen der T\u00fcten geholfen haben.<\/p>\n<p>Liebe Gr\u00fc\u00dfe<\/p>\n<p>Eure SV<\/p>\n<div id='gallery-1' class='gallery galleryid-3111 gallery-columns-3 gallery-size-thumbnail'><figure class='gallery-item'>\n\t\t\t<div class='gallery-icon landscape'>\n\t\t\t\t<a href='https:\/\/gesamtschule-walsum.de\/?attachment_id=3103'><img loading=\"lazy\" decoding=\"async\" width=\"150\" height=\"150\" src=\"https:\/\/gesamtschule-walsum.de\/wp-content\/uploads\/2024\/01\/IMG_6467-150x150.jpeg\" class=\"attachment-thumbnail size-thumbnail\" alt=\"\" \/><\/a>\n\t\t\t<\/div><\/figure><figure class='gallery-item'>\n\t\t\t<div class='gallery-icon landscape'>\n\t\t\t\t<a href='https:\/\/gesamtschule-walsum.de\/?attachment_id=3104'><img loading=\"lazy\" decoding=\"async\" width=\"150\" height=\"150\" src=\"https:\/\/gesamtschule-walsum.de\/wp-content\/uploads\/2024\/01\/IMG_6468-150x150.jpeg\" class=\"attachment-thumbnail size-thumbnail\" alt=\"\" \/><\/a>\n\t\t\t<\/div><\/figure><figure class='gallery-item'>\n\t\t\t<div class='gallery-icon portrait'>\n\t\t\t\t<a href='https:\/\/gesamtschule-walsum.de\/?attachment_id=3105'><img loading=\"lazy\" decoding=\"async\" width=\"150\" height=\"150\" src=\"https:\/\/gesamtschule-walsum.de\/wp-content\/uploads\/2024\/01\/IMG_6464-150x150.jpeg\" class=\"attachment-thumbnail size-thumbnail\" alt=\"\" \/><\/a>\n\t\t\t<\/div><\/figure><figure class='gallery-item'>\n\t\t\t<div class='gallery-icon portrait'>\n\t\t\t\t<a href='https:\/\/gesamtschule-walsum.de\/?attachment_id=3106'><img loading=\"lazy\" decoding=\"async\" width=\"150\" height=\"150\" src=\"https:\/\/gesamtschule-walsum.de\/wp-content\/uploads\/2024\/01\/IMG_7107-150x150.jpeg\" class=\"attachment-thumbnail size-thumbnail\" alt=\"\" \/><\/a>\n\t\t\t<\/div><\/figure><figure class='gallery-item'>\n\t\t\t<div class='gallery-icon portrait'>\n\t\t\t\t<a href='https:\/\/gesamtschule-walsum.de\/?attachment_id=3107'><img loading=\"lazy\" decoding=\"async\" width=\"150\" height=\"150\" src=\"https:\/\/gesamtschule-walsum.de\/wp-content\/uploads\/2024\/01\/IMG_6868-150x150.jpeg\" class=\"attachment-thumbnail size-thumbnail\" alt=\"\" \/><\/a>\n\t\t\t<\/div><\/figure><figure class='gallery-item'>\n\t\t\t<div class='gallery-icon landscape'>\n\t\t\t\t<a href='https:\/\/gesamtschule-walsum.de\/?attachment_id=3108'><img loading=\"lazy\" decoding=\"async\" width=\"150\" height=\"150\" src=\"https:\/\/gesamtschule-walsum.de\/wp-content\/uploads\/2024\/01\/IMG_6802-150x150.jpeg\" class=\"attachment-thumbnail size-thumbnail\" alt=\"\" \/><\/a>\n\t\t\t<\/div><\/figure><figure class='gallery-item'>\n\t\t\t<div class='gallery-icon landscape'>\n\t\t\t\t<a href='https:\/\/gesamtschule-walsum.de\/?attachment_id=3109'><img loading=\"lazy\" decoding=\"async\" width=\"150\" height=\"150\" src=\"https:\/\/gesamtschule-walsum.de\/wp-content\/uploads\/2024\/01\/IMG_6690-150x150.jpeg\" class=\"attachment-thumbnail size-thumbnail\" alt=\"\" \/><\/a>\n\t\t\t<\/div><\/figure><figure class='gallery-item'>\n\t\t\t<div class='gallery-icon portrait'>\n\t\t\t\t<a href='https:\/\/gesamtschule-walsum.de\/?attachment_id=3110'><img loading=\"lazy\" decoding=\"async\" width=\"150\" height=\"150\" src=\"https:\/\/gesamtschule-walsum.de\/wp-content\/uploads\/2024\/01\/IMG_6597-150x150.jpeg\" class=\"attachment-thumbnail size-thumbnail\" alt=\"\" \/><\/a>\n\t\t\t<\/div><\/figure>\n\t\t<\/div>\n\n<p>&nbsp;<\/p>\n<p>&nbsp;<\/p>\n","protected":false},"excerpt":{"rendered":"<p>Liebe Sch\u00fclerinnen und Sch\u00fcler, liebe Eltern, liebes Kollegium, mit eurer und Ihrer Hilfe und Spenden konnte die SV vor den Ferien 90 T\u00fcten an die Tafel \u00fcbergeben. Vielen Dank an <a class=\"more-link\" href=\"https:\/\/gesamtschule-walsum.de\/?p=3111\">&#8230; weiterlesen<\/a><\/p>\n","protected":false},"author":1,"featured_media":0,"comment_status":"closed","ping_status":"closed","sticky":false,"template":"","format":"standard","meta":{"footnotes":""},"categories":[1],"tags":[],"class_list":["post-3111","post","type-post","status-publish","format-standard","hentry","category-allgemein"],"_links":{"self":[{"href":"https:\/\/gesamtschule-walsum.de\/index.php?rest_route=\/wp\/v2\/posts\/3111","targetHints":{"allow":["GET"]}}],"collection":[{"href":"https:\/\/gesamtschule-walsum.de\/index.php?rest_route=\/wp\/v2\/posts"}],"about":[{"href":"https:\/\/gesamtschule-walsum.de\/index.php?rest_route=\/wp\/v2\/types\/post"}],"author":[{"embeddable":true,"href":"https:\/\/gesamtschule-walsum.de\/index.php?rest_route=\/wp\/v2\/users\/1"}],"replies":[{"embeddable":true,"href":"https:\/\/gesamtschule-walsum.de\/index.php?rest_route=%2Fwp%2Fv2%2Fcomments&post=3111"}],"version-history":[{"count":2,"href":"https:\/\/gesamtschule-walsum.de\/index.php?rest_route=\/wp\/v2\/posts\/3111\/revisions"}],"predecessor-version":[{"id":3113,"href":"https:\/\/gesamtschule-walsum.de\/index.php?rest_route=\/wp\/v2\/posts\/3111\/revisions\/3113"}],"wp:attachment":[{"href":"https:\/\/gesamtschule-walsum.de\/index.php?rest_route=%2Fwp%2Fv2%2Fmedia&parent=3111"}],"wp:term":[{"taxonomy":"category","embeddable":true,"href":"https:\/\/gesamtschule-walsum.de\/index.php?rest_route=%2Fwp%2Fv2%2Fcategories&post=3111"},{"taxonomy":"post_tag","embeddable":true,"href":"https:\/\/gesamtschule-walsum.de\/index.php?rest_route=%2Fwp%2Fv2%2Ftags&post=3111"}],"curies":[{"name":"wp","href":"https:\/\/api.w.org\/{rel}","templated":true}]}}