{"id":3306,"date":"2024-09-24T22:39:52","date_gmt":"2024-09-24T20:39:52","guid":{"rendered":"https:\/\/gesamtschule-walsum.de\/?p=3306"},"modified":"2024-12-08T17:01:19","modified_gmt":"2024-12-08T16:01:19","slug":"tag-der-offenen-tuer-an-der-gesamtschule-walsum-3","status":"publish","type":"post","link":"https:\/\/gesamtschule-walsum.de\/?p=3306","title":{"rendered":"Tag der offenen T\u00fcr an der Gesamtschule Walsum"},"content":{"rendered":"<p><em>Am Samstag, den <strong>23. November 2024<\/strong>, \u00f6ffnet die Gesamtschule Walsum von <strong>10:00 bis 13:00 Uhr<\/strong> ihre T\u00fcren! Wir laden alle interessierten Sch\u00fcler*innen und ihre Eltern herzlich ein, unsere Schule kennenzulernen und sich \u00fcber unsere Schulform zu informieren.<\/em><\/p>\n<p><em>Unser Tag der offenen T\u00fcr wurde in Zusammenarbeit von Sch\u00fcler:innen, Eltern und Lehrer:innen sorgf\u00e4ltig vorbereitet. Euch erwartet ein abwechslungsreiches Programm mit vielen Aktivit\u00e4ten:<\/em><br \/>\n<em>\u2022 Teilnahme an einer echten Unterrichtsstunde<\/em><br \/>\n<em>\u2022 Live-Darbietungen unserer AGs<\/em><br \/>\n<em>\u2022 Mitmachen bei naturwissenschaftlichen und technischen Experimenten<\/em><br \/>\n<em>\u2022 Besuch des Infomarkts mit zahlreichen St\u00e4nden<\/em><br \/>\n<em>\u2022 Verschiedene Mitmachaktionen <\/em><\/p>\n<p><em>F\u00fcr angehende F\u00fcnftkl\u00e4ssler:innen findet das Programm im Geb\u00e4ude Waldstra\u00dfe statt.<\/em><br \/>\n<em>Zuk\u00fcnftige Oberstufensch\u00fcler:innen k\u00f6nnen sich im Geb\u00e4ude Beckersloh \u00fcber unsere gymnasiale Oberstufe und ihre M\u00f6glichkeiten informieren.<\/em><\/p>\n<p><em>Wir freuen uns darauf, euch bei uns begr\u00fc\u00dfen zu d\u00fcrfen!<\/em><\/p>\n<p><a href=\"http:\/\/gesamtschule-walsum.de\/wp-content\/uploads\/2024\/11\/Flyer-Info-Eltern-2024.pdf\" target=\"_blank\" rel=\"noopener\"><img loading=\"lazy\" decoding=\"async\" class=\"aligncenter wp-image-3311 size-large\" src=\"http:\/\/gesamtschule-walsum.de\/wp-content\/uploads\/2024\/11\/Elterninfo-Flyer-2024-717x1024.png\" alt=\"\" width=\"690\" height=\"985\" srcset=\"https:\/\/gesamtschule-walsum.de\/wp-content\/uploads\/2024\/11\/Elterninfo-Flyer-2024-717x1024.png 717w, https:\/\/gesamtschule-walsum.de\/wp-content\/uploads\/2024\/11\/Elterninfo-Flyer-2024-210x300.png 210w, https:\/\/gesamtschule-walsum.de\/wp-content\/uploads\/2024\/11\/Elterninfo-Flyer-2024-768x1097.png 768w, https:\/\/gesamtschule-walsum.de\/wp-content\/uploads\/2024\/11\/Elterninfo-Flyer-2024-1076x1536.png 1076w, https:\/\/gesamtschule-walsum.de\/wp-content\/uploads\/2024\/11\/Elterninfo-Flyer-2024-105x150.png 105w, https:\/\/gesamtschule-walsum.de\/wp-content\/uploads\/2024\/11\/Elterninfo-Flyer-2024.png 1182w\" sizes=\"auto, (max-width: 690px) 100vw, 690px\" \/><\/a><\/p>\n<p><em><a href=\"http:\/\/gesamtschule-walsum.de\/wp-content\/uploads\/2024\/11\/Flyer-Info-Eltern-2024.pdf\" target=\"_blank\" rel=\"noopener\">Flyer Info Eltern 2024<\/a><\/em><\/p>\n","protected":false},"excerpt":{"rendered":"<p>Am Samstag, den 23. November 2024, \u00f6ffnet die Gesamtschule Walsum von 10:00 bis 13:00 Uhr ihre T\u00fcren! Wir laden alle interessierten Sch\u00fcler*innen und ihre Eltern herzlich ein, unsere Schule kennenzulernen <a class=\"more-link\" href=\"https:\/\/gesamtschule-walsum.de\/?p=3306\">&#8230; weiterlesen<\/a><\/p>\n","protected":false},"author":1,"featured_media":0,"comment_status":"closed","ping_status":"closed","sticky":false,"template":"","format":"standard","meta":{"footnotes":""},"categories":[1],"tags":[],"class_list":["post-3306","post","type-post","status-publish","format-standard","hentry","category-allgemein"],"_links":{"self":[{"href":"https:\/\/gesamtschule-walsum.de\/index.php?rest_route=\/wp\/v2\/posts\/3306","targetHints":{"allow":["GET"]}}],"collection":[{"href":"https:\/\/gesamtschule-walsum.de\/index.php?rest_route=\/wp\/v2\/posts"}],"about":[{"href":"https:\/\/gesamtschule-walsum.de\/index.php?rest_route=\/wp\/v2\/types\/post"}],"author":[{"embeddable":true,"href":"https:\/\/gesamtschule-walsum.de\/index.php?rest_route=\/wp\/v2\/users\/1"}],"replies":[{"embeddable":true,"href":"https:\/\/gesamtschule-walsum.de\/index.php?rest_route=%2Fwp%2Fv2%2Fcomments&post=3306"}],"version-history":[{"count":5,"href":"https:\/\/gesamtschule-walsum.de\/index.php?rest_route=\/wp\/v2\/posts\/3306\/revisions"}],"predecessor-version":[{"id":3313,"href":"https:\/\/gesamtschule-walsum.de\/index.php?rest_route=\/wp\/v2\/posts\/3306\/revisions\/3313"}],"wp:attachment":[{"href":"https:\/\/gesamtschule-walsum.de\/index.php?rest_route=%2Fwp%2Fv2%2Fmedia&parent=3306"}],"wp:term":[{"taxonomy":"category","embeddable":true,"href":"https:\/\/gesamtschule-walsum.de\/index.php?rest_route=%2Fwp%2Fv2%2Fcategories&post=3306"},{"taxonomy":"post_tag","embeddable":true,"href":"https:\/\/gesamtschule-walsum.de\/index.php?rest_route=%2Fwp%2Fv2%2Ftags&post=3306"}],"curies":[{"name":"wp","href":"https:\/\/api.w.org\/{rel}","templated":true}]}}