{"id":3318,"date":"2024-12-08T17:01:44","date_gmt":"2024-12-08T16:01:44","guid":{"rendered":"https:\/\/gesamtschule-walsum.de\/?p=3318"},"modified":"2025-02-20T11:54:53","modified_gmt":"2025-02-20T10:54:53","slug":"anmeldung-2025","status":"publish","type":"post","link":"https:\/\/gesamtschule-walsum.de\/?p=3318","title":{"rendered":"\u00a0Anmeldung 2025"},"content":{"rendered":"<p><i><span class=\"Apple-converted-space\">\u00a0<\/span>Anmeldung 2025<\/i><\/p>\n<p><i>Termine f\u00fcr das Anmeldeverfahren 2025 <\/i><b><i>Jahrgang 5<\/i><\/b><i>:<\/i><\/p>\n<p><b>Montag, 10.02.2025<\/b> \u2013 <i>7:45 bis 18:00 Uhr<\/i><\/p>\n<p><b>Dienstag, 11.02.2025<\/b> \u2013 <i>7:45 bis 18:00 Uhr<\/i><\/p>\n<p><b>Mittwoch, 12.02.2025<\/b> \u2013 <i>7:45 bis 18:00 Uhr<\/i><\/p>\n<p><b>Donnerstag, 13.02.2025<\/b> \u2013 <i>7:45 bis 18:00 Uhr<\/i><\/p>\n<p><b>Freitag, 14.02.2025<\/b> \u2013 <i>7:45 bis 15:00 Uhr<\/i><\/p>\n<ul>\n<li><b>Ort der Anmeldegespr\u00e4che:<\/b><br \/>\nGeb\u00e4ude Kurze Stra\u00dfe \u2013 R\u00e4ume <b>K083, K085 und K086<\/b><\/li>\n<li><b>Terminabsprache zwingend erforderlich:<\/b><br \/>\nAb dem <b>20.01.2025<\/b> telefonisch im Sekretariat: <b>0203 \/ 48 50 40<\/b><\/li>\n<li>Alle weiteren Infos zur Anmeldung finden Sie <a href=\"https:\/\/gesamtschule-walsum.de\/?page_id=162\" target=\"_blank\" rel=\"noopener\">hier<\/a>.<span class=\"Apple-converted-space\">\u00a0<\/span><\/li>\n<\/ul>\n<p>Erste Informationen f\u00fcr unsere neuen F\u00fcnftkl\u00e4ssler haben wir in unserer <a href=\"http:\/\/gesamtschule-walsum.de\/wp-content\/uploads\/2024\/12\/GeWa-Praesentation-Elterninfoabend-Anmeldung-2025.pdf\" target=\"_blank\" rel=\"noopener\">Pr\u00e4sentation Jg.5<\/a> zusammengestellt.<\/p>\n<p><i>Termine f\u00fcr das Anmeldeverfahren 2025 <\/i><b><i>Oberstufe<\/i><\/b><i>:<\/i><\/p>\n<p>Dienstag, 11.02.2025 von 14:00 \u2013 18:00 Uhr<\/p>\n<p>Mittwoch, 12.02.2025 von 14:00 \u2013 18:00 Uhr<\/p>\n<p>Donnerstag, 13.02.2025 von 14:00 \u2013 18:00 Uhr<\/p>\n<ul>\n<li>Die Anmeldegespr\u00e4che finden im Geb\u00e4ude Beckersloh in den R\u00e4umen B008 und B006 statt.<span class=\"Apple-converted-space\">\u00a0<\/span><\/li>\n<li>Eine Terminabsprache ist erforderlich und kann ab dem 20.01.2025 t\u00e4glich zwischen 8.30Uhr und 14.00 Uhr telefonisch mit dem Sekretariat unter der Rufnummer 0203\/48 50 40 vorgenommen werden.<span class=\"Apple-converted-space\">\u00a0<\/span><\/li>\n<li>Alle weiteren Infos zur Anmeldung finden Sie <a href=\"https:\/\/gesamtschule-walsum.de\/?page_id=162\" target=\"_blank\" rel=\"noopener\">hier<\/a>.<\/li>\n<\/ul>\n<p>F\u00fcr die Oberstufe haben wir ebenfalls eine <a href=\"http:\/\/gesamtschule-walsum.de\/wp-content\/uploads\/2024\/12\/PPT_TdoT_Abijg_2028.pdf\" target=\"_blank\" rel=\"noopener\">Pr\u00e4sentation SII<\/a> bereitgestellt.<span class=\"Apple-converted-space\">\u00a0<\/span><\/p>\n","protected":false},"excerpt":{"rendered":"<p>\u00a0Anmeldung 2025 Termine f\u00fcr das Anmeldeverfahren 2025 Jahrgang 5: Montag, 10.02.2025 \u2013 7:45 bis 18:00 Uhr Dienstag, 11.02.2025 \u2013 7:45 bis 18:00 Uhr Mittwoch, 12.02.2025 \u2013 7:45 bis 18:00 Uhr <a class=\"more-link\" href=\"https:\/\/gesamtschule-walsum.de\/?p=3318\">&#8230; weiterlesen<\/a><\/p>\n","protected":false},"author":1,"featured_media":0,"comment_status":"closed","ping_status":"closed","sticky":false,"template":"","format":"standard","meta":{"footnotes":""},"categories":[1],"tags":[],"class_list":["post-3318","post","type-post","status-publish","format-standard","hentry","category-allgemein"],"_links":{"self":[{"href":"https:\/\/gesamtschule-walsum.de\/index.php?rest_route=\/wp\/v2\/posts\/3318","targetHints":{"allow":["GET"]}}],"collection":[{"href":"https:\/\/gesamtschule-walsum.de\/index.php?rest_route=\/wp\/v2\/posts"}],"about":[{"href":"https:\/\/gesamtschule-walsum.de\/index.php?rest_route=\/wp\/v2\/types\/post"}],"author":[{"embeddable":true,"href":"https:\/\/gesamtschule-walsum.de\/index.php?rest_route=\/wp\/v2\/users\/1"}],"replies":[{"embeddable":true,"href":"https:\/\/gesamtschule-walsum.de\/index.php?rest_route=%2Fwp%2Fv2%2Fcomments&post=3318"}],"version-history":[{"count":8,"href":"https:\/\/gesamtschule-walsum.de\/index.php?rest_route=\/wp\/v2\/posts\/3318\/revisions"}],"predecessor-version":[{"id":3337,"href":"https:\/\/gesamtschule-walsum.de\/index.php?rest_route=\/wp\/v2\/posts\/3318\/revisions\/3337"}],"wp:attachment":[{"href":"https:\/\/gesamtschule-walsum.de\/index.php?rest_route=%2Fwp%2Fv2%2Fmedia&parent=3318"}],"wp:term":[{"taxonomy":"category","embeddable":true,"href":"https:\/\/gesamtschule-walsum.de\/index.php?rest_route=%2Fwp%2Fv2%2Fcategories&post=3318"},{"taxonomy":"post_tag","embeddable":true,"href":"https:\/\/gesamtschule-walsum.de\/index.php?rest_route=%2Fwp%2Fv2%2Ftags&post=3318"}],"curies":[{"name":"wp","href":"https:\/\/api.w.org\/{rel}","templated":true}]}}