{"id":3551,"date":"2026-03-12T10:37:12","date_gmt":"2026-03-12T09:37:12","guid":{"rendered":"https:\/\/gesamtschule-walsum.de\/?p=3551"},"modified":"2026-03-16T19:06:28","modified_gmt":"2026-03-16T18:06:28","slug":"erweiterungsneubau-der-gesamtschule-walsum-eroeffnet-moderner-modulbau-schafft-raum-fuer-rund-400-schuelerinnen-und-schueler","status":"publish","type":"post","link":"https:\/\/gesamtschule-walsum.de\/?p=3551","title":{"rendered":"Erweiterungsneubau der Gesamtschule Walsum er\u00f6ffnet: Moderner Modulbau schafft Raum f\u00fcr rund 400 Sch\u00fclerinnen und Sch\u00fcler"},"content":{"rendered":"<p style=\"margin: 0cm; line-height: 150%;\">Mit<span style=\"font-size: 12pt; line-height: 150%; font-family: trebuchet ms, geneva, sans-serif;\"> der heutigen Er\u00f6ffnung des Erweiterungsneubaus an der Gesamtschule Walsum macht die Stadt Duisburg einen wichtigen Schritt hin zu verbesserten Raumbedingungen am Schulstandort im Duisburger Norden. Der dreigeschossige Neubau in modularer Bauweise bietet auf rund 2.860 Quadratmetern zus\u00e4tzliche Klassen- und Differenzierungsr\u00e4ume f\u00fcr die Jahrg\u00e4nge 7 und 8 \u2013 insgesamt rund 400 Sch\u00fclerinnen und Sch\u00fcler. Die Stadt Duisburg und die Wirtschaftsbetriebe Duisburg (WBD) haben daf\u00fcr rund 10,8 Millionen Euro investiert.<\/span><\/p>\n<figure id=\"attachment_3571\" aria-describedby=\"caption-attachment-3571\" style=\"width: 300px\" class=\"wp-caption alignnone\"><a href=\"http:\/\/gesamtschule-walsum.de\/wp-content\/uploads\/2026\/03\/DSC09675-scaled.jpg\"><img loading=\"lazy\" decoding=\"async\" class=\"size-medium wp-image-3571\" src=\"http:\/\/gesamtschule-walsum.de\/wp-content\/uploads\/2026\/03\/DSC09675-300x200.jpg\" alt=\"\" width=\"300\" height=\"200\" srcset=\"https:\/\/gesamtschule-walsum.de\/wp-content\/uploads\/2026\/03\/DSC09675-300x200.jpg 300w, https:\/\/gesamtschule-walsum.de\/wp-content\/uploads\/2026\/03\/DSC09675-1024x683.jpg 1024w, https:\/\/gesamtschule-walsum.de\/wp-content\/uploads\/2026\/03\/DSC09675-768x512.jpg 768w, https:\/\/gesamtschule-walsum.de\/wp-content\/uploads\/2026\/03\/DSC09675-1536x1024.jpg 1536w, https:\/\/gesamtschule-walsum.de\/wp-content\/uploads\/2026\/03\/DSC09675-2048x1365.jpg 2048w, https:\/\/gesamtschule-walsum.de\/wp-content\/uploads\/2026\/03\/DSC09675-225x150.jpg 225w\" sizes=\"auto, (max-width: 300px) 100vw, 300px\" \/><\/a><figcaption id=\"caption-attachment-3571\" class=\"wp-caption-text\">\u00a9Nikolay Dimitrov \/ Wirtschaftsbetriebe Duisburg<\/figcaption><\/figure>\n<p style=\"margin: 0cm; line-height: 150%;\"><span style=\"font-size: 12pt; line-height: 150%; font-family: trebuchet ms, geneva, sans-serif;\">Beim Pressetermin im neuen Lehrerzimmer begr\u00fc\u00dften der stellvertretende Schulleiter Uwe Sch\u00e4fer-Kopton und der didaktische Leiter Benjamin Weinkauf die G\u00e4ste und f\u00fchrten durch das Programm. Oberb\u00fcrgermeister S\u00f6ren Link, Thomas Patermann, Sprecher des Vorstands der Wirtschaftsbetriebe Duisburg, Bildungsdezernentin Astrid Neese, Bezirksb\u00fcrgermeister Georg Salomon sowie Vertreterinnen und Vertreter der Schule w\u00fcrdigten in ihren Redebeitr\u00e4gen die Bedeutung des Projekts f\u00fcr den Stadtteil. F\u00fcr einen besonderen Auftakt sorgte die Flamenco-AG der Schule, bevor im Anschluss symbolisch der Schl\u00fcssel an die Schulgemeinschaft \u00fcbergeben wurde.<\/span><\/p>\n<figure id=\"attachment_3559\" aria-describedby=\"caption-attachment-3559\" style=\"width: 300px\" class=\"wp-caption alignnone\"><a href=\"http:\/\/gesamtschule-walsum.de\/wp-content\/uploads\/2026\/03\/DSC09447-scaled.jpg\"><img loading=\"lazy\" decoding=\"async\" class=\"size-medium wp-image-3559\" src=\"http:\/\/gesamtschule-walsum.de\/wp-content\/uploads\/2026\/03\/DSC09447-300x200.jpg\" alt=\"\" width=\"300\" height=\"200\" srcset=\"https:\/\/gesamtschule-walsum.de\/wp-content\/uploads\/2026\/03\/DSC09447-300x200.jpg 300w, https:\/\/gesamtschule-walsum.de\/wp-content\/uploads\/2026\/03\/DSC09447-1024x683.jpg 1024w, https:\/\/gesamtschule-walsum.de\/wp-content\/uploads\/2026\/03\/DSC09447-768x512.jpg 768w, https:\/\/gesamtschule-walsum.de\/wp-content\/uploads\/2026\/03\/DSC09447-1536x1024.jpg 1536w, https:\/\/gesamtschule-walsum.de\/wp-content\/uploads\/2026\/03\/DSC09447-2048x1365.jpg 2048w, https:\/\/gesamtschule-walsum.de\/wp-content\/uploads\/2026\/03\/DSC09447-225x150.jpg 225w\" sizes=\"auto, (max-width: 300px) 100vw, 300px\" \/><\/a><figcaption id=\"caption-attachment-3559\" class=\"wp-caption-text\">\u00a9Nikolay Dimitrov \/ Wirtschaftsbetriebe Duisburg<\/figcaption><\/figure>\n<p style=\"margin: 0cm; line-height: 150%;\"><span style=\"font-size: 12pt; line-height: 150%; font-family: trebuchet ms, geneva, sans-serif;\">Oberb\u00fcrgermeister S\u00f6ren Link betonte: Die Gesamtschule Walsum tr\u00e4gt seit vielen Jahren einen gro\u00dfen Teil der Bildungsarbeit im Duisburger Norden \u2013 und das unter zum Teil schwierigen baulichen Bedingungen. Mit dem neuen Erweiterungsbau schaffen wir jetzt sp\u00fcrbar Luft: mehr Platz, bessere Lernbedingungen und eine Perspektive f\u00fcr die n\u00e4chsten Jahre. Das ist ein wichtiges Signal f\u00fcr den Stadtteil und f\u00fcr die vielen Familien, die der Schule vertrauen. Mein Dank gilt der gesamten Schulgemeinschaft f\u00fcr ihre Geduld und ihren Einsatz.\u201c<\/span><\/p>\n<figure id=\"attachment_3564\" aria-describedby=\"caption-attachment-3564\" style=\"width: 200px\" class=\"wp-caption alignnone\"><a href=\"http:\/\/gesamtschule-walsum.de\/wp-content\/uploads\/2026\/03\/DSC09516-scaled.jpg\"><img loading=\"lazy\" decoding=\"async\" class=\"size-medium wp-image-3564\" src=\"http:\/\/gesamtschule-walsum.de\/wp-content\/uploads\/2026\/03\/DSC09516-200x300.jpg\" alt=\"\" width=\"200\" height=\"300\" srcset=\"https:\/\/gesamtschule-walsum.de\/wp-content\/uploads\/2026\/03\/DSC09516-200x300.jpg 200w, https:\/\/gesamtschule-walsum.de\/wp-content\/uploads\/2026\/03\/DSC09516-683x1024.jpg 683w, https:\/\/gesamtschule-walsum.de\/wp-content\/uploads\/2026\/03\/DSC09516-768x1152.jpg 768w, https:\/\/gesamtschule-walsum.de\/wp-content\/uploads\/2026\/03\/DSC09516-1024x1536.jpg 1024w, https:\/\/gesamtschule-walsum.de\/wp-content\/uploads\/2026\/03\/DSC09516-1365x2048.jpg 1365w, https:\/\/gesamtschule-walsum.de\/wp-content\/uploads\/2026\/03\/DSC09516-100x150.jpg 100w, https:\/\/gesamtschule-walsum.de\/wp-content\/uploads\/2026\/03\/DSC09516-scaled.jpg 1707w\" sizes=\"auto, (max-width: 200px) 100vw, 200px\" \/><\/a><figcaption id=\"caption-attachment-3564\" class=\"wp-caption-text\">\u00a9Nikolay Dimitrov \/ Wirtschaftsbetriebe Duisburg<\/figcaption><\/figure>\n<p style=\"margin: 0cm; line-height: 150%;\"><span style=\"font-family: trebuchet ms, geneva, sans-serif; font-size: 12pt;\"><span style=\"line-height: 150%;\">Bereits 2021 hatte der Rat der Stadt beschlossen, die Z\u00fcgigkeit der Gesamtschule Walsum von sechs auf sieben Z\u00fcge zu erh\u00f6hen. Die steigenden Sch\u00fclerzahlen wurden seitdem zun\u00e4chst \u00fcber mehrere Containeranlagen auf dem Schulgel\u00e4nde aufgefangen.<\/span> <span style=\"line-height: 150%;\">Der Erweiterungsbau setzt diese Entscheidung nun baulich um: Er schafft 14 neue Klassenr\u00e4ume sowie erg\u00e4nzende Differenzierungs- und Nebenr\u00e4ume und erm\u00f6glicht damit, Schritt f\u00fcr Schritt Container zur\u00fcckzubauen und Schulhoffl\u00e4chen wieder f\u00fcr Pausen- und Aufenthaltsbereiche zu nutzen. Aktuell besuchen rund 1.400 Sch\u00fclerinnen und Sch\u00fcler die Gesamtschule Walsum. <\/span><\/span><\/p>\n<p style=\"margin: 0cm; line-height: 150%;\"><span style=\"font-size: 12pt; line-height: 150%; font-family: trebuchet ms, geneva, sans-serif;\">Der Neubau ist das erste Schulgeb\u00e4ude in Duisburg in dieser Gr\u00f6\u00dfenordnung, das in dreigeschossiger Modulbauweise realisiert wurde. Insgesamt 91 Module wurden vorgefertigt und vor Ort zu einem kompakten, eigenst\u00e4ndigen Neubau montiert, der den bestehenden Schulcampus st\u00e4dtebaulich abrundet. Der barrierefreie Modulbau umfasst 14 Klassenr\u00e4ume \u2013 teilweise mit mobilen Trennw\u00e4nden \u2013, drei Differenzierungsr\u00e4ume, ein Lehrerzimmer, B\u00fcro- und Beratungsr\u00e4ume, Sanit\u00e4ranlagen inklusive Behinderten-WC sowie Technik- und Lagerr\u00e4ume.<\/span><\/p>\n<p style=\"margin: 0cm; line-height: 150%;\"><span style=\"font-size: 12pt; line-height: 150%; font-family: trebuchet ms, geneva, sans-serif;\">\u00a0<\/span><\/p>\n<p style=\"margin: 0cm; line-height: 150%;\"><span style=\"font-size: 12pt; line-height: 150%; font-family: trebuchet ms, geneva, sans-serif;\">Thomas Patermann hob hervor: \u201eMit diesem Geb\u00e4ude zeigen wir, was moderne Modulbauweise heute leisten kann: kurze Bauzeiten, geringe St\u00f6rungen im Schulbetrieb und gleichzeitig hohe Anspr\u00fcche an Qualit\u00e4t und Nachhaltigkeit. Die nahezu sortenrein r\u00fcckbaubaren Module stehen f\u00fcr echte Ressourcenschonung und damit f\u00fcr zukunftsf\u00e4higes Bauen in unserer Stadt.\u201c<\/span><\/p>\n<figure id=\"attachment_3566\" aria-describedby=\"caption-attachment-3566\" style=\"width: 200px\" class=\"wp-caption alignnone\"><a href=\"http:\/\/gesamtschule-walsum.de\/wp-content\/uploads\/2026\/03\/DSC09576-scaled.jpg\"><img loading=\"lazy\" decoding=\"async\" class=\"size-medium wp-image-3566\" src=\"http:\/\/gesamtschule-walsum.de\/wp-content\/uploads\/2026\/03\/DSC09576-200x300.jpg\" alt=\"\" width=\"200\" height=\"300\" srcset=\"https:\/\/gesamtschule-walsum.de\/wp-content\/uploads\/2026\/03\/DSC09576-200x300.jpg 200w, https:\/\/gesamtschule-walsum.de\/wp-content\/uploads\/2026\/03\/DSC09576-683x1024.jpg 683w, https:\/\/gesamtschule-walsum.de\/wp-content\/uploads\/2026\/03\/DSC09576-768x1152.jpg 768w, https:\/\/gesamtschule-walsum.de\/wp-content\/uploads\/2026\/03\/DSC09576-1024x1536.jpg 1024w, https:\/\/gesamtschule-walsum.de\/wp-content\/uploads\/2026\/03\/DSC09576-1365x2048.jpg 1365w, https:\/\/gesamtschule-walsum.de\/wp-content\/uploads\/2026\/03\/DSC09576-100x150.jpg 100w, https:\/\/gesamtschule-walsum.de\/wp-content\/uploads\/2026\/03\/DSC09576-scaled.jpg 1707w\" sizes=\"auto, (max-width: 200px) 100vw, 200px\" \/><\/a><figcaption id=\"caption-attachment-3566\" class=\"wp-caption-text\">\u00a9Nikolay Dimitrov \/ Wirtschaftsbetriebe Duisburg<\/figcaption><\/figure>\n<p style=\"margin: 0cm; line-height: 150%;\"><span style=\"font-size: 12pt; line-height: 150%; font-family: trebuchet ms, geneva, sans-serif;\">Das Flachdach des Neubaus wurde extensiv begr\u00fcnt, was sich positiv auf W\u00e4rmed\u00e4mmung, Mikroklima und Regenwasserr\u00fcckhalt auswirkt. Erg\u00e4nzt wird dies durch eine Photovoltaikanlage auf dem Dach. Die W\u00e4rmeversorgung des Geb\u00e4udes erfolgt \u00fcber Fernw\u00e4rme; Strom und Wasser werden aus dem Bestandsgeb\u00e4ude in den Neubau \u00fcbernommen.<\/span><\/p>\n<p style=\"margin: 0cm; line-height: 150%;\"><span style=\"font-size: 12pt; line-height: 150%; font-family: trebuchet ms, geneva, sans-serif;\">\u00a0<\/span><\/p>\n<p style=\"margin: 0cm; line-height: 150%;\"><span style=\"font-size: 12pt; line-height: 150%; font-family: trebuchet ms, geneva, sans-serif;\">Auch gestalterisch f\u00fcgt sich der Neubau in das bestehende Schulensemble ein: Ged\u00e4mmte Modulau\u00dfenw\u00e4nde mit zus\u00e4tzlichem W\u00e4rmed\u00e4mmverbundsystem bilden die Grundlage der Fassade, die mit Klinkerriemchen verkleidet ist. Farbige Glaspaneele sowie durchgehende Fensterb\u00e4nder sorgen f\u00fcr ein modernes Erscheinungsbild und helle Unterrichtsr\u00e4ume.<\/span><\/p>\n<p style=\"margin: 0cm; line-height: 150%;\"><span style=\"font-size: 12pt; line-height: 150%; font-family: trebuchet ms, geneva, sans-serif;\">\u00a0<\/span><\/p>\n<p style=\"margin: 0cm; line-height: 150%;\"><span style=\"font-size: 12pt; line-height: 150%; font-family: trebuchet ms, geneva, sans-serif;\">Mit dem Einzug der Jahrg\u00e4nge 7 und 8 in den Erweiterungsbau wird zun\u00e4chst eine Containeranlage mit vier Klassen am Nachtigallensteig zur\u00fcckgebaut. Weitere Schritte \u2013 darunter die Sanierung weiterer Geb\u00e4ude und der schrittweise Abbau weiterer Container \u2013 werden im Rahmen eines Gesamtkonzepts f\u00fcr den Standort vorbereitet. <\/span><\/p>\n<p style=\"margin: 0cm; line-height: 150%;\"><span style=\"font-size: 12pt; line-height: 150%; font-family: trebuchet ms, geneva, sans-serif;\">\u00a0<\/span><\/p>\n<p style=\"margin: 0cm; line-height: 150%;\"><span style=\"font-size: 12pt; line-height: 150%; font-family: trebuchet ms, geneva, sans-serif;\">Mit der heutigen Er\u00f6ffnung erh\u00e4lt die Schulgemeinschaft einen modernen Lern- und Arbeitsort, der den Alltag sp\u00fcrbar entlastet und den n\u00e4chsten Entwicklungsschritt f\u00fcr die Gesamtschule Walsum markiert.<\/span><\/p>\n<div id='gallery-1' class='gallery galleryid-3551 gallery-columns-3 gallery-size-thumbnail'><figure class='gallery-item'>\n\t\t\t<div class='gallery-icon landscape'>\n\t\t\t\t<a href='https:\/\/gesamtschule-walsum.de\/wp-content\/uploads\/2026\/03\/DJI_20260310134253_0214_D-scaled.jpg'><img loading=\"lazy\" decoding=\"async\" width=\"150\" height=\"150\" src=\"https:\/\/gesamtschule-walsum.de\/wp-content\/uploads\/2026\/03\/DJI_20260310134253_0214_D-150x150.jpg\" class=\"attachment-thumbnail size-thumbnail\" alt=\"\" aria-describedby=\"gallery-1-3555\" \/><\/a>\n\t\t\t<\/div>\n\t\t\t\t<figcaption class='wp-caption-text gallery-caption' id='gallery-1-3555'>\n\t\t\t\t\u00a9Nikolay Dimitrov \/ Wirtschaftsbetriebe Duisburg\n\t\t\t\t<\/figcaption><\/figure><figure class='gallery-item'>\n\t\t\t<div class='gallery-icon landscape'>\n\t\t\t\t<a href='https:\/\/gesamtschule-walsum.de\/wp-content\/uploads\/2026\/03\/DJI_20260310134357_0218_D-scaled.jpg'><img loading=\"lazy\" decoding=\"async\" width=\"150\" height=\"150\" src=\"https:\/\/gesamtschule-walsum.de\/wp-content\/uploads\/2026\/03\/DJI_20260310134357_0218_D-150x150.jpg\" class=\"attachment-thumbnail size-thumbnail\" alt=\"\" aria-describedby=\"gallery-1-3556\" \/><\/a>\n\t\t\t<\/div>\n\t\t\t\t<figcaption class='wp-caption-text gallery-caption' id='gallery-1-3556'>\n\t\t\t\t\u00a9Nikolay Dimitrov \/ Wirtschaftsbetriebe Duisburg\n\t\t\t\t<\/figcaption><\/figure><figure class='gallery-item'>\n\t\t\t<div class='gallery-icon portrait'>\n\t\t\t\t<a href='https:\/\/gesamtschule-walsum.de\/wp-content\/uploads\/2026\/03\/DJI_20260310134541_0219_D-scaled.jpg'><img loading=\"lazy\" decoding=\"async\" width=\"150\" height=\"150\" src=\"https:\/\/gesamtschule-walsum.de\/wp-content\/uploads\/2026\/03\/DJI_20260310134541_0219_D-150x150.jpg\" class=\"attachment-thumbnail size-thumbnail\" alt=\"\" aria-describedby=\"gallery-1-3557\" \/><\/a>\n\t\t\t<\/div>\n\t\t\t\t<figcaption class='wp-caption-text gallery-caption' id='gallery-1-3557'>\n\t\t\t\t\u00a9Nikolay Dimitrov \/ Wirtschaftsbetriebe Duisburg\n\t\t\t\t<\/figcaption><\/figure><figure class='gallery-item'>\n\t\t\t<div class='gallery-icon portrait'>\n\t\t\t\t<a href='https:\/\/gesamtschule-walsum.de\/wp-content\/uploads\/2026\/03\/DJI_20260310134617_0222_D-scaled.jpg'><img loading=\"lazy\" decoding=\"async\" width=\"150\" height=\"150\" src=\"https:\/\/gesamtschule-walsum.de\/wp-content\/uploads\/2026\/03\/DJI_20260310134617_0222_D-150x150.jpg\" class=\"attachment-thumbnail size-thumbnail\" alt=\"\" aria-describedby=\"gallery-1-3558\" \/><\/a>\n\t\t\t<\/div>\n\t\t\t\t<figcaption class='wp-caption-text gallery-caption' id='gallery-1-3558'>\n\t\t\t\t\u00a9Nikolay Dimitrov \/ Wirtschaftsbetriebe Duisburg\n\t\t\t\t<\/figcaption><\/figure><figure class='gallery-item'>\n\t\t\t<div class='gallery-icon landscape'>\n\t\t\t\t<a href='https:\/\/gesamtschule-walsum.de\/wp-content\/uploads\/2026\/03\/DSC09447-scaled.jpg'><img loading=\"lazy\" decoding=\"async\" width=\"150\" height=\"150\" src=\"https:\/\/gesamtschule-walsum.de\/wp-content\/uploads\/2026\/03\/DSC09447-150x150.jpg\" class=\"attachment-thumbnail size-thumbnail\" alt=\"\" aria-describedby=\"gallery-1-3559\" \/><\/a>\n\t\t\t<\/div>\n\t\t\t\t<figcaption class='wp-caption-text gallery-caption' id='gallery-1-3559'>\n\t\t\t\t\u00a9Nikolay Dimitrov \/ Wirtschaftsbetriebe Duisburg\n\t\t\t\t<\/figcaption><\/figure><figure class='gallery-item'>\n\t\t\t<div class='gallery-icon landscape'>\n\t\t\t\t<a href='https:\/\/gesamtschule-walsum.de\/wp-content\/uploads\/2026\/03\/DSC09450-scaled.jpg'><img loading=\"lazy\" decoding=\"async\" width=\"150\" height=\"150\" src=\"https:\/\/gesamtschule-walsum.de\/wp-content\/uploads\/2026\/03\/DSC09450-150x150.jpg\" class=\"attachment-thumbnail size-thumbnail\" alt=\"\" aria-describedby=\"gallery-1-3561\" \/><\/a>\n\t\t\t<\/div>\n\t\t\t\t<figcaption class='wp-caption-text gallery-caption' id='gallery-1-3561'>\n\t\t\t\t\u00a9Nikolay Dimitrov \/ Wirtschaftsbetriebe Duisburg\n\t\t\t\t<\/figcaption><\/figure><figure class='gallery-item'>\n\t\t\t<div class='gallery-icon landscape'>\n\t\t\t\t<a href='https:\/\/gesamtschule-walsum.de\/wp-content\/uploads\/2026\/03\/DSC09675-scaled.jpg'><img loading=\"lazy\" decoding=\"async\" width=\"150\" height=\"150\" src=\"https:\/\/gesamtschule-walsum.de\/wp-content\/uploads\/2026\/03\/DSC09675-150x150.jpg\" class=\"attachment-thumbnail size-thumbnail\" alt=\"\" aria-describedby=\"gallery-1-3571\" \/><\/a>\n\t\t\t<\/div>\n\t\t\t\t<figcaption class='wp-caption-text gallery-caption' id='gallery-1-3571'>\n\t\t\t\t\u00a9Nikolay Dimitrov \/ Wirtschaftsbetriebe Duisburg\n\t\t\t\t<\/figcaption><\/figure><figure class='gallery-item'>\n\t\t\t<div class='gallery-icon landscape'>\n\t\t\t\t<a href='https:\/\/gesamtschule-walsum.de\/wp-content\/uploads\/2026\/03\/DSC09658-scaled.jpg'><img loading=\"lazy\" decoding=\"async\" width=\"150\" height=\"150\" src=\"https:\/\/gesamtschule-walsum.de\/wp-content\/uploads\/2026\/03\/DSC09658-150x150.jpg\" class=\"attachment-thumbnail size-thumbnail\" alt=\"\" aria-describedby=\"gallery-1-3570\" \/><\/a>\n\t\t\t<\/div>\n\t\t\t\t<figcaption class='wp-caption-text gallery-caption' id='gallery-1-3570'>\n\t\t\t\t\u00a9Nikolay Dimitrov \/ Wirtschaftsbetriebe Duisburg\n\t\t\t\t<\/figcaption><\/figure><figure class='gallery-item'>\n\t\t\t<div class='gallery-icon portrait'>\n\t\t\t\t<a href='https:\/\/gesamtschule-walsum.de\/wp-content\/uploads\/2026\/03\/DSC09679-scaled.jpg'><img loading=\"lazy\" decoding=\"async\" width=\"150\" height=\"150\" src=\"https:\/\/gesamtschule-walsum.de\/wp-content\/uploads\/2026\/03\/DSC09679-150x150.jpg\" class=\"attachment-thumbnail size-thumbnail\" alt=\"\" aria-describedby=\"gallery-1-3572\" \/><\/a>\n\t\t\t<\/div>\n\t\t\t\t<figcaption class='wp-caption-text gallery-caption' id='gallery-1-3572'>\n\t\t\t\t\u00a9Nikolay Dimitrov \/ Wirtschaftsbetriebe Duisburg\n\t\t\t\t<\/figcaption><\/figure><figure class='gallery-item'>\n\t\t\t<div class='gallery-icon landscape'>\n\t\t\t\t<a href='https:\/\/gesamtschule-walsum.de\/wp-content\/uploads\/2026\/03\/DSC09644-scaled.jpg'><img loading=\"lazy\" decoding=\"async\" width=\"150\" height=\"150\" src=\"https:\/\/gesamtschule-walsum.de\/wp-content\/uploads\/2026\/03\/DSC09644-150x150.jpg\" class=\"attachment-thumbnail size-thumbnail\" alt=\"\" aria-describedby=\"gallery-1-3569\" \/><\/a>\n\t\t\t<\/div>\n\t\t\t\t<figcaption class='wp-caption-text gallery-caption' id='gallery-1-3569'>\n\t\t\t\t\u00a9Nikolay Dimitrov \/ Wirtschaftsbetriebe Duisburg\n\t\t\t\t<\/figcaption><\/figure><figure class='gallery-item'>\n\t\t\t<div class='gallery-icon portrait'>\n\t\t\t\t<a href='https:\/\/gesamtschule-walsum.de\/wp-content\/uploads\/2026\/03\/DSC09516-scaled.jpg'><img loading=\"lazy\" decoding=\"async\" width=\"150\" height=\"150\" src=\"https:\/\/gesamtschule-walsum.de\/wp-content\/uploads\/2026\/03\/DSC09516-150x150.jpg\" class=\"attachment-thumbnail size-thumbnail\" alt=\"\" aria-describedby=\"gallery-1-3564\" \/><\/a>\n\t\t\t<\/div>\n\t\t\t\t<figcaption class='wp-caption-text gallery-caption' id='gallery-1-3564'>\n\t\t\t\t\u00a9Nikolay Dimitrov \/ Wirtschaftsbetriebe Duisburg\n\t\t\t\t<\/figcaption><\/figure><figure class='gallery-item'>\n\t\t\t<div class='gallery-icon landscape'>\n\t\t\t\t<a href='https:\/\/gesamtschule-walsum.de\/wp-content\/uploads\/2026\/03\/DSC09544-scaled.jpg'><img loading=\"lazy\" decoding=\"async\" width=\"150\" height=\"150\" src=\"https:\/\/gesamtschule-walsum.de\/wp-content\/uploads\/2026\/03\/DSC09544-150x150.jpg\" class=\"attachment-thumbnail size-thumbnail\" alt=\"\" aria-describedby=\"gallery-1-3565\" \/><\/a>\n\t\t\t<\/div>\n\t\t\t\t<figcaption class='wp-caption-text gallery-caption' id='gallery-1-3565'>\n\t\t\t\t\u00a9Nikolay Dimitrov \/ Wirtschaftsbetriebe Duisburg\n\t\t\t\t<\/figcaption><\/figure><figure class='gallery-item'>\n\t\t\t<div class='gallery-icon portrait'>\n\t\t\t\t<a href='https:\/\/gesamtschule-walsum.de\/wp-content\/uploads\/2026\/03\/DSC09576-scaled.jpg'><img loading=\"lazy\" decoding=\"async\" width=\"150\" height=\"150\" src=\"https:\/\/gesamtschule-walsum.de\/wp-content\/uploads\/2026\/03\/DSC09576-150x150.jpg\" class=\"attachment-thumbnail size-thumbnail\" alt=\"\" aria-describedby=\"gallery-1-3566\" \/><\/a>\n\t\t\t<\/div>\n\t\t\t\t<figcaption class='wp-caption-text gallery-caption' id='gallery-1-3566'>\n\t\t\t\t\u00a9Nikolay Dimitrov \/ Wirtschaftsbetriebe Duisburg\n\t\t\t\t<\/figcaption><\/figure><figure class='gallery-item'>\n\t\t\t<div class='gallery-icon portrait'>\n\t\t\t\t<a href='https:\/\/gesamtschule-walsum.de\/wp-content\/uploads\/2026\/03\/DSC09481-scaled.jpg'><img loading=\"lazy\" decoding=\"async\" width=\"150\" height=\"150\" src=\"https:\/\/gesamtschule-walsum.de\/wp-content\/uploads\/2026\/03\/DSC09481-150x150.jpg\" class=\"attachment-thumbnail size-thumbnail\" alt=\"\" aria-describedby=\"gallery-1-3563\" \/><\/a>\n\t\t\t<\/div>\n\t\t\t\t<figcaption class='wp-caption-text gallery-caption' id='gallery-1-3563'>\n\t\t\t\t\u00a9Nikolay Dimitrov \/ Wirtschaftsbetriebe Duisburg\n\t\t\t\t<\/figcaption><\/figure><figure class='gallery-item'>\n\t\t\t<div class='gallery-icon landscape'>\n\t\t\t\t<a href='https:\/\/gesamtschule-walsum.de\/wp-content\/uploads\/2026\/03\/DSC09455-scaled.jpg'><img loading=\"lazy\" decoding=\"async\" width=\"150\" height=\"150\" src=\"https:\/\/gesamtschule-walsum.de\/wp-content\/uploads\/2026\/03\/DSC09455-150x150.jpg\" class=\"attachment-thumbnail size-thumbnail\" alt=\"\" aria-describedby=\"gallery-1-3562\" \/><\/a>\n\t\t\t<\/div>\n\t\t\t\t<figcaption class='wp-caption-text gallery-caption' id='gallery-1-3562'>\n\t\t\t\t\u00a9Nikolay Dimitrov \/ Wirtschaftsbetriebe Duisburg\n\t\t\t\t<\/figcaption><\/figure><figure class='gallery-item'>\n\t\t\t<div class='gallery-icon landscape'>\n\t\t\t\t<a href='https:\/\/gesamtschule-walsum.de\/wp-content\/uploads\/2026\/03\/DSC09705-scaled.jpg'><img loading=\"lazy\" decoding=\"async\" width=\"150\" height=\"150\" src=\"https:\/\/gesamtschule-walsum.de\/wp-content\/uploads\/2026\/03\/DSC09705-150x150.jpg\" class=\"attachment-thumbnail size-thumbnail\" alt=\"\" aria-describedby=\"gallery-1-3575\" \/><\/a>\n\t\t\t<\/div>\n\t\t\t\t<figcaption class='wp-caption-text gallery-caption' id='gallery-1-3575'>\n\t\t\t\t\u00a9Nikolay Dimitrov \/ Wirtschaftsbetriebe Duisburg\n\t\t\t\t<\/figcaption><\/figure><figure class='gallery-item'>\n\t\t\t<div class='gallery-icon landscape'>\n\t\t\t\t<a href='https:\/\/gesamtschule-walsum.de\/wp-content\/uploads\/2026\/03\/DSC09702-scaled.jpg'><img loading=\"lazy\" decoding=\"async\" width=\"150\" height=\"150\" src=\"https:\/\/gesamtschule-walsum.de\/wp-content\/uploads\/2026\/03\/DSC09702-150x150.jpg\" class=\"attachment-thumbnail size-thumbnail\" alt=\"\" aria-describedby=\"gallery-1-3574\" \/><\/a>\n\t\t\t<\/div>\n\t\t\t\t<figcaption class='wp-caption-text gallery-caption' id='gallery-1-3574'>\n\t\t\t\t\u00a9Nikolay Dimitrov \/ Wirtschaftsbetriebe Duisburg\n\t\t\t\t<\/figcaption><\/figure><figure class='gallery-item'>\n\t\t\t<div class='gallery-icon landscape'>\n\t\t\t\t<a href='https:\/\/gesamtschule-walsum.de\/wp-content\/uploads\/2026\/03\/DSC09701-scaled.jpg'><img loading=\"lazy\" decoding=\"async\" width=\"150\" height=\"150\" src=\"https:\/\/gesamtschule-walsum.de\/wp-content\/uploads\/2026\/03\/DSC09701-150x150.jpg\" class=\"attachment-thumbnail size-thumbnail\" alt=\"\" aria-describedby=\"gallery-1-3573\" \/><\/a>\n\t\t\t<\/div>\n\t\t\t\t<figcaption class='wp-caption-text gallery-caption' id='gallery-1-3573'>\n\t\t\t\t\u00a9Nikolay Dimitrov \/ Wirtschaftsbetriebe Duisburg\n\t\t\t\t<\/figcaption><\/figure>\n\t\t<\/div>\n\n<p>Text und Bilder: Copyright by WBD Duisburg<\/p>\n<p>Sehen Sie <a href=\"https:\/\/gesamtschule-walsum.de\/?p=3156\">AUCH HIER<\/a> noch einmal, wie das Geb\u00e4ude Nachtigallensteig in kurzer Zeit gewachsen ist.<\/p>\n","protected":false},"excerpt":{"rendered":"<p>Mit der heutigen Er\u00f6ffnung des Erweiterungsneubaus an der Gesamtschule Walsum macht die Stadt Duisburg einen wichtigen Schritt hin zu verbesserten Raumbedingungen am Schulstandort im Duisburger Norden. Der dreigeschossige Neubau in <a class=\"more-link\" href=\"https:\/\/gesamtschule-walsum.de\/?p=3551\">&#8230; weiterlesen<\/a><\/p>\n","protected":false},"author":1,"featured_media":0,"comment_status":"closed","ping_status":"closed","sticky":false,"template":"","format":"standard","meta":{"footnotes":""},"categories":[1],"tags":[],"class_list":["post-3551","post","type-post","status-publish","format-standard","hentry","category-allgemein"],"_links":{"self":[{"href":"https:\/\/gesamtschule-walsum.de\/index.php?rest_route=\/wp\/v2\/posts\/3551","targetHints":{"allow":["GET"]}}],"collection":[{"href":"https:\/\/gesamtschule-walsum.de\/index.php?rest_route=\/wp\/v2\/posts"}],"about":[{"href":"https:\/\/gesamtschule-walsum.de\/index.php?rest_route=\/wp\/v2\/types\/post"}],"author":[{"embeddable":true,"href":"https:\/\/gesamtschule-walsum.de\/index.php?rest_route=\/wp\/v2\/users\/1"}],"replies":[{"embeddable":true,"href":"https:\/\/gesamtschule-walsum.de\/index.php?rest_route=%2Fwp%2Fv2%2Fcomments&post=3551"}],"version-history":[{"count":8,"href":"https:\/\/gesamtschule-walsum.de\/index.php?rest_route=\/wp\/v2\/posts\/3551\/revisions"}],"predecessor-version":[{"id":3584,"href":"https:\/\/gesamtschule-walsum.de\/index.php?rest_route=\/wp\/v2\/posts\/3551\/revisions\/3584"}],"wp:attachment":[{"href":"https:\/\/gesamtschule-walsum.de\/index.php?rest_route=%2Fwp%2Fv2%2Fmedia&parent=3551"}],"wp:term":[{"taxonomy":"category","embeddable":true,"href":"https:\/\/gesamtschule-walsum.de\/index.php?rest_route=%2Fwp%2Fv2%2Fcategories&post=3551"},{"taxonomy":"post_tag","embeddable":true,"href":"https:\/\/gesamtschule-walsum.de\/index.php?rest_route=%2Fwp%2Fv2%2Ftags&post=3551"}],"curies":[{"name":"wp","href":"https:\/\/api.w.org\/{rel}","templated":true}]}}